{"id":4010,"date":"2019-03-14T22:07:37","date_gmt":"2019-03-14T21:07:37","guid":{"rendered":"http:\/\/www.lessvtdelagrenouille.fr\/blog\/?p=4010"},"modified":"2019-03-14T22:36:26","modified_gmt":"2019-03-14T21:36:26","slug":"remise-des-recompenses-pour-la-tournoi-de-babyfoot","status":"publish","type":"post","link":"http:\/\/www.lessvtdelagrenouille.fr\/blog\/remise-des-recompenses-pour-la-tournoi-de-babyfoot\/","title":{"rendered":"Remise des r\u00e9compenses pour la tournoi de babyfoot"},"content":{"rendered":"\n<ul class=\"wp-block-gallery columns-2 is-cropped wp-block-gallery-1 is-layout-flex wp-block-gallery-is-layout-flex\"><li class=\"blocks-gallery-item\"><figure><img loading=\"lazy\" decoding=\"async\" width=\"689\" height=\"518\" src=\"http:\/\/www.lessvtdelagrenouille.fr\/blog\/wp-content\/uploads\/2019\/03\/babyfoot-entreprise-1.jpg\" alt=\"\" data-id=\"4012\" class=\"wp-image-4012\" srcset=\"http:\/\/www.lessvtdelagrenouille.fr\/blog\/wp-content\/uploads\/2019\/03\/babyfoot-entreprise-1.jpg 689w, http:\/\/www.lessvtdelagrenouille.fr\/blog\/wp-content\/uploads\/2019\/03\/babyfoot-entreprise-1-300x226.jpg 300w\" sizes=\"auto, (max-width: 689px) 100vw, 689px\" \/><\/figure><\/li><li class=\"blocks-gallery-item\"><figure><img loading=\"lazy\" decoding=\"async\" width=\"1000\" height=\"533\" src=\"http:\/\/www.lessvtdelagrenouille.fr\/blog\/wp-content\/uploads\/2019\/03\/podium.png\" alt=\"\" data-id=\"4019\" data-link=\"http:\/\/www.lessvtdelagrenouille.fr\/blog\/remise-des-recompenses-pour-la-tournoi-de-babyfoot\/podium-2\/\" class=\"wp-image-4019\" srcset=\"http:\/\/www.lessvtdelagrenouille.fr\/blog\/wp-content\/uploads\/2019\/03\/podium.png 1000w, http:\/\/www.lessvtdelagrenouille.fr\/blog\/wp-content\/uploads\/2019\/03\/podium-300x160.png 300w, http:\/\/www.lessvtdelagrenouille.fr\/blog\/wp-content\/uploads\/2019\/03\/podium-768x409.png 768w\" sizes=\"auto, (max-width: 1000px) 100vw, 1000px\" \/><\/figure><\/li><\/ul>\n\n\n\n<p>Aujourd&rsquo;hui  a eu lieu la remise des r\u00e9compenses pour le tournoi de babyfoot organis\u00e9 par la vie scolaire.Bravo a tous les participants<\/p>\n\n\n\n<p>Palmar\u00e8s: <\/p>\n\n\n\n<ul class=\"wp-block-list\"><li><strong>Premi\u00e8re place:<\/strong> Aur\u00e9lien et Lorenzo ont re\u00e7u deux places de patinoire chacun<\/li><li><strong>Seconde place:<\/strong> Emma a re\u00e7u deux places de cin\u00e9ma<\/li><li><strong>Troisi\u00e8me place:<\/strong>     Enzo et Ferdinand ont re\u00e7u des boites de chocolats<\/li><\/ul>\n\n\n\n<p><\/p>\n\n\n\n<p><\/p>\n","protected":false},"excerpt":{"rendered":"<p>Aujourd&rsquo;hui a eu lieu la remise des r\u00e9compenses pour le tournoi de babyfoot organis\u00e9 par la vie scolaire.Bravo a tous les participants Palmar\u00e8s: Premi\u00e8re place: Aur\u00e9lien et Lorenzo ont re\u00e7u deux places de patinoire chacun Seconde place: Emma a re\u00e7u deux places de cin\u00e9ma Troisi\u00e8me place: Enzo et Ferdinand ont re\u00e7u des boites de chocolats<\/p>\n","protected":false},"author":1,"featured_media":0,"comment_status":"open","ping_status":"open","sticky":false,"template":"","format":"standard","meta":{"footnotes":""},"categories":[30],"tags":[38,142],"class_list":["post-4010","post","type-post","status-publish","format-standard","hentry","category-decouverte","tag-college","tag-fse"],"featured_image_urls_v2":{"full":"","thumbnail":"","medium":"","medium_large":"","large":"","1536x1536":"","2048x2048":""},"post_excerpt_stackable_v2":"<p>Aujourd&rsquo;hui a eu lieu la remise des r\u00e9compenses pour le tournoi de babyfoot organis\u00e9 par la vie scolaire.Bravo a tous les participants Palmar\u00e8s: Premi\u00e8re place: Aur\u00e9lien et Lorenzo ont re\u00e7u deux places de patinoire chacunSeconde place: Emma a re\u00e7u deux places de cin\u00e9maTroisi\u00e8me place: Enzo et Ferdinand ont re\u00e7u des boites de chocolats<\/p>\n","category_list_v2":"<a href=\"http:\/\/www.lessvtdelagrenouille.fr\/blog\/category\/decouverte\/\" rel=\"category tag\">D\u00e9couverte<\/a>","author_info_v2":{"name":"RolandC","url":"http:\/\/www.lessvtdelagrenouille.fr\/blog\/author\/rollandc\/"},"comments_num_v2":"0 commentaire","_links":{"self":[{"href":"http:\/\/www.lessvtdelagrenouille.fr\/blog\/wp-json\/wp\/v2\/posts\/4010","targetHints":{"allow":["GET"]}}],"collection":[{"href":"http:\/\/www.lessvtdelagrenouille.fr\/blog\/wp-json\/wp\/v2\/posts"}],"about":[{"href":"http:\/\/www.lessvtdelagrenouille.fr\/blog\/wp-json\/wp\/v2\/types\/post"}],"author":[{"embeddable":true,"href":"http:\/\/www.lessvtdelagrenouille.fr\/blog\/wp-json\/wp\/v2\/users\/1"}],"replies":[{"embeddable":true,"href":"http:\/\/www.lessvtdelagrenouille.fr\/blog\/wp-json\/wp\/v2\/comments?post=4010"}],"version-history":[{"count":4,"href":"http:\/\/www.lessvtdelagrenouille.fr\/blog\/wp-json\/wp\/v2\/posts\/4010\/revisions"}],"predecessor-version":[{"id":4021,"href":"http:\/\/www.lessvtdelagrenouille.fr\/blog\/wp-json\/wp\/v2\/posts\/4010\/revisions\/4021"}],"wp:attachment":[{"href":"http:\/\/www.lessvtdelagrenouille.fr\/blog\/wp-json\/wp\/v2\/media?parent=4010"}],"wp:term":[{"taxonomy":"category","embeddable":true,"href":"http:\/\/www.lessvtdelagrenouille.fr\/blog\/wp-json\/wp\/v2\/categories?post=4010"},{"taxonomy":"post_tag","embeddable":true,"href":"http:\/\/www.lessvtdelagrenouille.fr\/blog\/wp-json\/wp\/v2\/tags?post=4010"}],"curies":[{"name":"wp","href":"https:\/\/api.w.org\/{rel}","templated":true}]}}