{"id":7270,"date":"2022-03-27T21:53:20","date_gmt":"2022-03-27T20:53:20","guid":{"rendered":"http:\/\/www.lessvtdelagrenouille.fr\/blog\/?p=7270"},"modified":"2022-09-21T22:25:19","modified_gmt":"2022-09-21T21:25:19","slug":"decouverte-de-lestran","status":"publish","type":"post","link":"http:\/\/www.lessvtdelagrenouille.fr\/blog\/decouverte-de-lestran\/","title":{"rendered":"D\u00e9couverte de l&rsquo;estran"},"content":{"rendered":"\n<p>Notre s\u00e9jour mer \u00e0 la Turballe avec les \u00e9l\u00e8ves de cinqui\u00e8me nous a permit de d\u00e9couvrir l&rsquo;estran, c&rsquo;est zone situ\u00e9e entre le niveau de mar\u00e9e haute et le niveau de mar\u00e9e basse.<\/p>\n\n\n\n<p>Au programme , d\u00e9termination de la faune et des algues avec participation au programme de science participative biolite.<\/p>\n\n\n\n<p>Nous avons d\u00e9couvert : \u00c9trille, Bernard l\u2019Hermite, araign\u00e9e de mer, limace de mer, \u00e9toile de mer,coque, couteaux, moules, <\/p>\n\n\n\n<figure class=\"wp-block-gallery has-nested-images columns-default is-cropped wp-block-gallery-1 is-layout-flex wp-block-gallery-is-layout-flex\">\n<figure class=\"wp-block-image size-large\"><a href=\"http:\/\/www.lessvtdelagrenouille.fr\/blog\/wp-content\/uploads\/2022\/03\/DSC00548-scaled.jpg\"><img loading=\"lazy\" decoding=\"async\" width=\"1024\" height=\"683\" data-id=\"7271\" src=\"http:\/\/www.lessvtdelagrenouille.fr\/blog\/wp-content\/uploads\/2022\/03\/DSC00548-1024x683.jpg\" alt=\"\" class=\"wp-image-7271\" srcset=\"http:\/\/www.lessvtdelagrenouille.fr\/blog\/wp-content\/uploads\/2022\/03\/DSC00548-1024x683.jpg 1024w, http:\/\/www.lessvtdelagrenouille.fr\/blog\/wp-content\/uploads\/2022\/03\/DSC00548-300x200.jpg 300w, http:\/\/www.lessvtdelagrenouille.fr\/blog\/wp-content\/uploads\/2022\/03\/DSC00548-768x512.jpg 768w, http:\/\/www.lessvtdelagrenouille.fr\/blog\/wp-content\/uploads\/2022\/03\/DSC00548-1536x1024.jpg 1536w, http:\/\/www.lessvtdelagrenouille.fr\/blog\/wp-content\/uploads\/2022\/03\/DSC00548-2048x1365.jpg 2048w\" sizes=\"auto, (max-width: 1024px) 100vw, 1024px\" \/><\/a><\/figure>\n\n\n\n<figure class=\"wp-block-image size-large\"><a href=\"http:\/\/www.lessvtdelagrenouille.fr\/blog\/wp-content\/uploads\/2022\/03\/DSC00554-scaled.jpg\"><img loading=\"lazy\" decoding=\"async\" width=\"1024\" height=\"683\" data-id=\"7272\" src=\"http:\/\/www.lessvtdelagrenouille.fr\/blog\/wp-content\/uploads\/2022\/03\/DSC00554-1024x683.jpg\" alt=\"\" class=\"wp-image-7272\" srcset=\"http:\/\/www.lessvtdelagrenouille.fr\/blog\/wp-content\/uploads\/2022\/03\/DSC00554-1024x683.jpg 1024w, http:\/\/www.lessvtdelagrenouille.fr\/blog\/wp-content\/uploads\/2022\/03\/DSC00554-300x200.jpg 300w, http:\/\/www.lessvtdelagrenouille.fr\/blog\/wp-content\/uploads\/2022\/03\/DSC00554-768x512.jpg 768w, http:\/\/www.lessvtdelagrenouille.fr\/blog\/wp-content\/uploads\/2022\/03\/DSC00554-1536x1024.jpg 1536w, http:\/\/www.lessvtdelagrenouille.fr\/blog\/wp-content\/uploads\/2022\/03\/DSC00554-2048x1365.jpg 2048w\" sizes=\"auto, (max-width: 1024px) 100vw, 1024px\" \/><\/a><\/figure>\n\n\n\n<figure class=\"wp-block-image size-large\"><a href=\"http:\/\/www.lessvtdelagrenouille.fr\/blog\/wp-content\/uploads\/2022\/03\/20220318_112523-scaled.jpg\"><img loading=\"lazy\" decoding=\"async\" width=\"768\" height=\"1024\" data-id=\"7273\" src=\"http:\/\/www.lessvtdelagrenouille.fr\/blog\/wp-content\/uploads\/2022\/03\/20220318_112523-768x1024.jpg\" alt=\"\" class=\"wp-image-7273\" srcset=\"http:\/\/www.lessvtdelagrenouille.fr\/blog\/wp-content\/uploads\/2022\/03\/20220318_112523-768x1024.jpg 768w, http:\/\/www.lessvtdelagrenouille.fr\/blog\/wp-content\/uploads\/2022\/03\/20220318_112523-225x300.jpg 225w, http:\/\/www.lessvtdelagrenouille.fr\/blog\/wp-content\/uploads\/2022\/03\/20220318_112523-1152x1536.jpg 1152w, http:\/\/www.lessvtdelagrenouille.fr\/blog\/wp-content\/uploads\/2022\/03\/20220318_112523-1536x2048.jpg 1536w, http:\/\/www.lessvtdelagrenouille.fr\/blog\/wp-content\/uploads\/2022\/03\/20220318_112523-scaled.jpg 1920w\" sizes=\"auto, (max-width: 768px) 100vw, 768px\" \/><\/a><\/figure>\n\n\n\n<figure class=\"wp-block-image size-large\"><a href=\"http:\/\/www.lessvtdelagrenouille.fr\/blog\/wp-content\/uploads\/2022\/03\/20220318_113214-scaled.jpg\"><img loading=\"lazy\" decoding=\"async\" width=\"1024\" height=\"768\" data-id=\"7276\" src=\"http:\/\/www.lessvtdelagrenouille.fr\/blog\/wp-content\/uploads\/2022\/03\/20220318_113214-1024x768.jpg\" alt=\"\" class=\"wp-image-7276\" srcset=\"http:\/\/www.lessvtdelagrenouille.fr\/blog\/wp-content\/uploads\/2022\/03\/20220318_113214-1024x768.jpg 1024w, http:\/\/www.lessvtdelagrenouille.fr\/blog\/wp-content\/uploads\/2022\/03\/20220318_113214-300x225.jpg 300w, http:\/\/www.lessvtdelagrenouille.fr\/blog\/wp-content\/uploads\/2022\/03\/20220318_113214-768x576.jpg 768w, http:\/\/www.lessvtdelagrenouille.fr\/blog\/wp-content\/uploads\/2022\/03\/20220318_113214-1536x1152.jpg 1536w, http:\/\/www.lessvtdelagrenouille.fr\/blog\/wp-content\/uploads\/2022\/03\/20220318_113214-2048x1536.jpg 2048w\" sizes=\"auto, (max-width: 1024px) 100vw, 1024px\" \/><\/a><figcaption>Limace de mer<\/figcaption><\/figure>\n\n\n\n<figure class=\"wp-block-image size-large\"><a href=\"http:\/\/www.lessvtdelagrenouille.fr\/blog\/wp-content\/uploads\/2022\/03\/20220318_112135-scaled.jpg\"><img loading=\"lazy\" decoding=\"async\" width=\"1024\" height=\"768\" data-id=\"7274\" src=\"http:\/\/www.lessvtdelagrenouille.fr\/blog\/wp-content\/uploads\/2022\/03\/20220318_112135-1024x768.jpg\" alt=\"\" class=\"wp-image-7274\" srcset=\"http:\/\/www.lessvtdelagrenouille.fr\/blog\/wp-content\/uploads\/2022\/03\/20220318_112135-1024x768.jpg 1024w, http:\/\/www.lessvtdelagrenouille.fr\/blog\/wp-content\/uploads\/2022\/03\/20220318_112135-300x225.jpg 300w, http:\/\/www.lessvtdelagrenouille.fr\/blog\/wp-content\/uploads\/2022\/03\/20220318_112135-768x576.jpg 768w, http:\/\/www.lessvtdelagrenouille.fr\/blog\/wp-content\/uploads\/2022\/03\/20220318_112135-1536x1152.jpg 1536w, http:\/\/www.lessvtdelagrenouille.fr\/blog\/wp-content\/uploads\/2022\/03\/20220318_112135-2048x1536.jpg 2048w\" sizes=\"auto, (max-width: 1024px) 100vw, 1024px\" \/><\/a><figcaption>Araign\u00e9e de mer<\/figcaption><\/figure>\n\n\n\n<figure class=\"wp-block-image size-large\"><a href=\"http:\/\/www.lessvtdelagrenouille.fr\/blog\/wp-content\/uploads\/2022\/03\/20220318_112410-scaled.jpg\"><img loading=\"lazy\" decoding=\"async\" width=\"768\" height=\"1024\" data-id=\"7275\" src=\"http:\/\/www.lessvtdelagrenouille.fr\/blog\/wp-content\/uploads\/2022\/03\/20220318_112410-768x1024.jpg\" alt=\"\" class=\"wp-image-7275\" srcset=\"http:\/\/www.lessvtdelagrenouille.fr\/blog\/wp-content\/uploads\/2022\/03\/20220318_112410-768x1024.jpg 768w, http:\/\/www.lessvtdelagrenouille.fr\/blog\/wp-content\/uploads\/2022\/03\/20220318_112410-225x300.jpg 225w, http:\/\/www.lessvtdelagrenouille.fr\/blog\/wp-content\/uploads\/2022\/03\/20220318_112410-1152x1536.jpg 1152w, http:\/\/www.lessvtdelagrenouille.fr\/blog\/wp-content\/uploads\/2022\/03\/20220318_112410-1536x2048.jpg 1536w, http:\/\/www.lessvtdelagrenouille.fr\/blog\/wp-content\/uploads\/2022\/03\/20220318_112410-scaled.jpg 1920w\" sizes=\"auto, (max-width: 768px) 100vw, 768px\" \/><\/a><\/figure>\n<\/figure>\n","protected":false},"excerpt":{"rendered":"<p>Notre s\u00e9jour mer \u00e0 la Turballe avec les \u00e9l\u00e8ves de cinqui\u00e8me nous a permit de d\u00e9couvrir l&rsquo;estran, c&rsquo;est zone situ\u00e9e entre le niveau de mar\u00e9e haute et le niveau de mar\u00e9e basse. Au programme , d\u00e9termination de la faune et des algues avec participation au programme de science participative biolite. Nous avons d\u00e9couvert : \u00c9trille, &#8230; <a title=\"D\u00e9couverte de l&rsquo;estran\" class=\"read-more\" href=\"http:\/\/www.lessvtdelagrenouille.fr\/blog\/decouverte-de-lestran\/\" aria-label=\"En savoir plus sur D\u00e9couverte de l&rsquo;estran\">Lire la suite&#8230;<\/a><\/p>\n","protected":false},"author":1,"featured_media":7271,"comment_status":"open","ping_status":"closed","sticky":false,"template":"","format":"standard","meta":{"footnotes":""},"categories":[194,357,30,220,345,341],"tags":[],"class_list":["post-7270","post","type-post","status-publish","format-standard","has-post-thumbnail","hentry","category-5eme","category-a2d2","category-decouverte","category-e3d","category-news","category-projet5"],"featured_image_urls_v2":{"full":["http:\/\/www.lessvtdelagrenouille.fr\/blog\/wp-content\/uploads\/2022\/03\/DSC00548-scaled.jpg",2560,1707,false],"thumbnail":["http:\/\/www.lessvtdelagrenouille.fr\/blog\/wp-content\/uploads\/2022\/03\/DSC00548-150x150.jpg",150,150,true],"medium":["http:\/\/www.lessvtdelagrenouille.fr\/blog\/wp-content\/uploads\/2022\/03\/DSC00548-300x200.jpg",300,200,true],"medium_large":["http:\/\/www.lessvtdelagrenouille.fr\/blog\/wp-content\/uploads\/2022\/03\/DSC00548-768x512.jpg",768,512,true],"large":["http:\/\/www.lessvtdelagrenouille.fr\/blog\/wp-content\/uploads\/2022\/03\/DSC00548-1024x683.jpg",1024,683,true],"1536x1536":["http:\/\/www.lessvtdelagrenouille.fr\/blog\/wp-content\/uploads\/2022\/03\/DSC00548-1536x1024.jpg",1536,1024,true],"2048x2048":["http:\/\/www.lessvtdelagrenouille.fr\/blog\/wp-content\/uploads\/2022\/03\/DSC00548-2048x1365.jpg",2048,1365,true]},"post_excerpt_stackable_v2":"<p>Notre s\u00e9jour mer \u00e0 la Turballe avec les \u00e9l\u00e8ves de cinqui\u00e8me nous a permit de d\u00e9couvrir l&rsquo;estran, c&rsquo;est zone situ\u00e9e entre le niveau de mar\u00e9e haute et le niveau de mar\u00e9e basse. Au programme , d\u00e9termination de la faune et des algues avec participation au programme de science participative biolite. Nous avons d\u00e9couvert : \u00c9trille, Bernard l\u2019Hermite, araign\u00e9e de mer, limace de mer, \u00e9toile de mer,coque, couteaux, moules, Limace de mer Araign\u00e9e de mer<\/p>\n","category_list_v2":"<a href=\"http:\/\/www.lessvtdelagrenouille.fr\/blog\/category\/5eme\/\" rel=\"category tag\">5eme<\/a>, <a href=\"http:\/\/www.lessvtdelagrenouille.fr\/blog\/category\/a2d2\/\" rel=\"category tag\">A2D2<\/a>, <a href=\"http:\/\/www.lessvtdelagrenouille.fr\/blog\/category\/decouverte\/\" rel=\"category tag\">D\u00e9couverte<\/a>, <a href=\"http:\/\/www.lessvtdelagrenouille.fr\/blog\/category\/e3d\/\" rel=\"category tag\">E3D<\/a>, <a href=\"http:\/\/www.lessvtdelagrenouille.fr\/blog\/category\/news\/\" rel=\"category tag\">news<\/a>, <a href=\"http:\/\/www.lessvtdelagrenouille.fr\/blog\/category\/projet5\/\" rel=\"category tag\">projet5<\/a>","author_info_v2":{"name":"RolandC","url":"http:\/\/www.lessvtdelagrenouille.fr\/blog\/author\/rollandc\/"},"comments_num_v2":"0 commentaire","_links":{"self":[{"href":"http:\/\/www.lessvtdelagrenouille.fr\/blog\/wp-json\/wp\/v2\/posts\/7270","targetHints":{"allow":["GET"]}}],"collection":[{"href":"http:\/\/www.lessvtdelagrenouille.fr\/blog\/wp-json\/wp\/v2\/posts"}],"about":[{"href":"http:\/\/www.lessvtdelagrenouille.fr\/blog\/wp-json\/wp\/v2\/types\/post"}],"author":[{"embeddable":true,"href":"http:\/\/www.lessvtdelagrenouille.fr\/blog\/wp-json\/wp\/v2\/users\/1"}],"replies":[{"embeddable":true,"href":"http:\/\/www.lessvtdelagrenouille.fr\/blog\/wp-json\/wp\/v2\/comments?post=7270"}],"version-history":[{"count":1,"href":"http:\/\/www.lessvtdelagrenouille.fr\/blog\/wp-json\/wp\/v2\/posts\/7270\/revisions"}],"predecessor-version":[{"id":7277,"href":"http:\/\/www.lessvtdelagrenouille.fr\/blog\/wp-json\/wp\/v2\/posts\/7270\/revisions\/7277"}],"wp:featuredmedia":[{"embeddable":true,"href":"http:\/\/www.lessvtdelagrenouille.fr\/blog\/wp-json\/wp\/v2\/media\/7271"}],"wp:attachment":[{"href":"http:\/\/www.lessvtdelagrenouille.fr\/blog\/wp-json\/wp\/v2\/media?parent=7270"}],"wp:term":[{"taxonomy":"category","embeddable":true,"href":"http:\/\/www.lessvtdelagrenouille.fr\/blog\/wp-json\/wp\/v2\/categories?post=7270"},{"taxonomy":"post_tag","embeddable":true,"href":"http:\/\/www.lessvtdelagrenouille.fr\/blog\/wp-json\/wp\/v2\/tags?post=7270"}],"curies":[{"name":"wp","href":"https:\/\/api.w.org\/{rel}","templated":true}]}}