{"id":8191,"date":"2023-10-09T20:25:30","date_gmt":"2023-10-09T19:25:30","guid":{"rendered":"http:\/\/www.lessvtdelagrenouille.fr\/blog\/?p=8191"},"modified":"2023-10-09T20:25:32","modified_gmt":"2023-10-09T19:25:32","slug":"repartition-des-etres-vivants-entre-les-sous-bois-et-la-prairie","status":"publish","type":"post","link":"http:\/\/www.lessvtdelagrenouille.fr\/blog\/repartition-des-etres-vivants-entre-les-sous-bois-et-la-prairie\/","title":{"rendered":"r\u00e9partition des \u00eatres vivants entre les sous-bois et la prairie"},"content":{"rendered":"\n<p>Les \u00e9l\u00e8ves de la classe de Mme Ferrari ont r\u00e9alis\u00e9s les observations ci dessous. Ils cherchent a expliquer la r\u00e9partition des \u00eatres vivants.<\/p>\n\n\n\n<ol class=\"wp-block-list\"><li><strong>Cite les \u00eatres vivants pr\u00e9sents en sous-bois.<\/strong><\/li><li><strong>Cite les \u00eatres vivants pr\u00e9sents en prairie.<\/strong><\/li><li><strong>Comparer la temp\u00e9rature en sous bois et dans la prairie<\/strong><\/li><li><strong>Comparer la luminosit\u00e9 en sous bois et dans la prairie<\/strong><\/li><li><strong>Prpose une hypoth\u00e8se pour expliquer la r\u00e9partition du gendarme<\/strong><\/li><\/ol>\n\n\n\n<div class=\"wp-block-columns is-layout-flex wp-container-core-columns-is-layout-9d6595d7 wp-block-columns-is-layout-flex\">\n<div class=\"wp-block-column is-layout-flow wp-block-column-is-layout-flow\">\n<figure class=\"wp-block-image size-full\"><a href=\"http:\/\/www.lessvtdelagrenouille.fr\/blog\/wp-content\/uploads\/2023\/10\/sous-bois.jpg\"><img loading=\"lazy\" decoding=\"async\" width=\"614\" height=\"387\" src=\"http:\/\/www.lessvtdelagrenouille.fr\/blog\/wp-content\/uploads\/2023\/10\/sous-bois.jpg\" alt=\"\" class=\"wp-image-8192\" srcset=\"http:\/\/www.lessvtdelagrenouille.fr\/blog\/wp-content\/uploads\/2023\/10\/sous-bois.jpg 614w, http:\/\/www.lessvtdelagrenouille.fr\/blog\/wp-content\/uploads\/2023\/10\/sous-bois-300x189.jpg 300w\" sizes=\"auto, (max-width: 614px) 100vw, 614px\" \/><\/a><\/figure>\n<\/div>\n\n\n\n<div class=\"wp-block-column is-layout-flow wp-block-column-is-layout-flow\">\n<figure class=\"wp-block-image size-full\"><a href=\"http:\/\/www.lessvtdelagrenouille.fr\/blog\/wp-content\/uploads\/2023\/10\/prairie.jpg\"><img loading=\"lazy\" decoding=\"async\" width=\"615\" height=\"378\" src=\"http:\/\/www.lessvtdelagrenouille.fr\/blog\/wp-content\/uploads\/2023\/10\/prairie.jpg\" alt=\"\" class=\"wp-image-8193\" srcset=\"http:\/\/www.lessvtdelagrenouille.fr\/blog\/wp-content\/uploads\/2023\/10\/prairie.jpg 615w, http:\/\/www.lessvtdelagrenouille.fr\/blog\/wp-content\/uploads\/2023\/10\/prairie-300x184.jpg 300w\" sizes=\"auto, (max-width: 615px) 100vw, 615px\" \/><\/a><\/figure>\n<\/div>\n<\/div>\n\n\n<div class=\"wp-block-image\">\n<figure class=\"aligncenter size-full\"><a href=\"http:\/\/www.lessvtdelagrenouille.fr\/blog\/wp-content\/uploads\/2023\/10\/mesures.jpg\"><img loading=\"lazy\" decoding=\"async\" width=\"765\" height=\"654\" src=\"http:\/\/www.lessvtdelagrenouille.fr\/blog\/wp-content\/uploads\/2023\/10\/mesures.jpg\" alt=\"\" class=\"wp-image-8194\" srcset=\"http:\/\/www.lessvtdelagrenouille.fr\/blog\/wp-content\/uploads\/2023\/10\/mesures.jpg 765w, http:\/\/www.lessvtdelagrenouille.fr\/blog\/wp-content\/uploads\/2023\/10\/mesures-300x256.jpg 300w\" sizes=\"auto, (max-width: 765px) 100vw, 765px\" \/><\/a><\/figure>\n<\/div>","protected":false},"excerpt":{"rendered":"<p>Les \u00e9l\u00e8ves de la classe de Mme Ferrari ont r\u00e9alis\u00e9s les observations ci dessous. Ils cherchent a expliquer la r\u00e9partition des \u00eatres vivants. Cite les \u00eatres vivants pr\u00e9sents en sous-bois. Cite les \u00eatres vivants pr\u00e9sents en prairie. Comparer la temp\u00e9rature en sous bois et dans la prairie Comparer la luminosit\u00e9 en sous bois et dans &#8230; <a title=\"r\u00e9partition des \u00eatres vivants entre les sous-bois et la prairie\" class=\"read-more\" href=\"http:\/\/www.lessvtdelagrenouille.fr\/blog\/repartition-des-etres-vivants-entre-les-sous-bois-et-la-prairie\/\" aria-label=\"En savoir plus sur r\u00e9partition des \u00eatres vivants entre les sous-bois et la prairie\">Lire la suite&#8230;<\/a><\/p>\n","protected":false},"author":1,"featured_media":8192,"comment_status":"open","ping_status":"open","sticky":false,"template":"","format":"standard","meta":{"footnotes":""},"categories":[193,357,363,345],"tags":[],"class_list":["post-8191","post","type-post","status-publish","format-standard","has-post-thumbnail","hentry","category-6eme","category-a2d2","category-le-vivant-sa-diversite-et-les-fonctions-qui-le-caracterisent-6eme-2","category-news"],"featured_image_urls_v2":{"full":["http:\/\/www.lessvtdelagrenouille.fr\/blog\/wp-content\/uploads\/2023\/10\/sous-bois.jpg",614,387,false],"thumbnail":["http:\/\/www.lessvtdelagrenouille.fr\/blog\/wp-content\/uploads\/2023\/10\/sous-bois-150x150.jpg",150,150,true],"medium":["http:\/\/www.lessvtdelagrenouille.fr\/blog\/wp-content\/uploads\/2023\/10\/sous-bois-300x189.jpg",300,189,true],"medium_large":["http:\/\/www.lessvtdelagrenouille.fr\/blog\/wp-content\/uploads\/2023\/10\/sous-bois.jpg",614,387,false],"large":["http:\/\/www.lessvtdelagrenouille.fr\/blog\/wp-content\/uploads\/2023\/10\/sous-bois.jpg",614,387,false],"1536x1536":["http:\/\/www.lessvtdelagrenouille.fr\/blog\/wp-content\/uploads\/2023\/10\/sous-bois.jpg",614,387,false],"2048x2048":["http:\/\/www.lessvtdelagrenouille.fr\/blog\/wp-content\/uploads\/2023\/10\/sous-bois.jpg",614,387,false]},"post_excerpt_stackable_v2":"<p>Les \u00e9l\u00e8ves de la classe de Mme Ferrari ont r\u00e9alis\u00e9s les observations ci dessous. Ils cherchent a expliquer la r\u00e9partition des \u00eatres vivants. Cite les \u00eatres vivants pr\u00e9sents en sous-bois.Cite les \u00eatres vivants pr\u00e9sents en prairie.Comparer la temp\u00e9rature en sous bois et dans la prairieComparer la luminosit\u00e9 en sous bois et dans la prairiePrpose une hypoth\u00e8se pour expliquer la r\u00e9partition du gendarme<\/p>\n","category_list_v2":"<a href=\"http:\/\/www.lessvtdelagrenouille.fr\/blog\/category\/6eme\/\" rel=\"category tag\">6eme<\/a>, <a href=\"http:\/\/www.lessvtdelagrenouille.fr\/blog\/category\/a2d2\/\" rel=\"category tag\">A2D2<\/a>, <a href=\"http:\/\/www.lessvtdelagrenouille.fr\/blog\/category\/6eme\/le-vivant-sa-diversite-et-les-fonctions-qui-le-caracterisent-6eme-2\/\" rel=\"category tag\">Le vivant, sa diversit\u00e9 et les fonctions qui le caract\u00e9risent<\/a>, <a href=\"http:\/\/www.lessvtdelagrenouille.fr\/blog\/category\/news\/\" rel=\"category tag\">news<\/a>","author_info_v2":{"name":"RolandC","url":"http:\/\/www.lessvtdelagrenouille.fr\/blog\/author\/rollandc\/"},"comments_num_v2":"0 commentaire","_links":{"self":[{"href":"http:\/\/www.lessvtdelagrenouille.fr\/blog\/wp-json\/wp\/v2\/posts\/8191","targetHints":{"allow":["GET"]}}],"collection":[{"href":"http:\/\/www.lessvtdelagrenouille.fr\/blog\/wp-json\/wp\/v2\/posts"}],"about":[{"href":"http:\/\/www.lessvtdelagrenouille.fr\/blog\/wp-json\/wp\/v2\/types\/post"}],"author":[{"embeddable":true,"href":"http:\/\/www.lessvtdelagrenouille.fr\/blog\/wp-json\/wp\/v2\/users\/1"}],"replies":[{"embeddable":true,"href":"http:\/\/www.lessvtdelagrenouille.fr\/blog\/wp-json\/wp\/v2\/comments?post=8191"}],"version-history":[{"count":1,"href":"http:\/\/www.lessvtdelagrenouille.fr\/blog\/wp-json\/wp\/v2\/posts\/8191\/revisions"}],"predecessor-version":[{"id":8195,"href":"http:\/\/www.lessvtdelagrenouille.fr\/blog\/wp-json\/wp\/v2\/posts\/8191\/revisions\/8195"}],"wp:featuredmedia":[{"embeddable":true,"href":"http:\/\/www.lessvtdelagrenouille.fr\/blog\/wp-json\/wp\/v2\/media\/8192"}],"wp:attachment":[{"href":"http:\/\/www.lessvtdelagrenouille.fr\/blog\/wp-json\/wp\/v2\/media?parent=8191"}],"wp:term":[{"taxonomy":"category","embeddable":true,"href":"http:\/\/www.lessvtdelagrenouille.fr\/blog\/wp-json\/wp\/v2\/categories?post=8191"},{"taxonomy":"post_tag","embeddable":true,"href":"http:\/\/www.lessvtdelagrenouille.fr\/blog\/wp-json\/wp\/v2\/tags?post=8191"}],"curies":[{"name":"wp","href":"https:\/\/api.w.org\/{rel}","templated":true}]}}