{"id":8485,"date":"2024-10-10T09:56:09","date_gmt":"2024-10-10T08:56:09","guid":{"rendered":"http:\/\/www.lessvtdelagrenouille.fr\/blog\/?p=8485"},"modified":"2024-10-15T10:54:46","modified_gmt":"2024-10-15T09:54:46","slug":"cours-en-exterieur-en-svt","status":"publish","type":"post","link":"http:\/\/www.lessvtdelagrenouille.fr\/blog\/cours-en-exterieur-en-svt\/","title":{"rendered":"Cours en ext\u00e9rieur en SVT"},"content":{"rendered":"\n<p> <\/p>\n\n\n\n<p>Les classes de sixi\u00e8me du coll\u00e8ge sont engag\u00e9es dans l\u2019 \u00e9tude d\u2019un espace naturel appel\u00e9 aire terrestre \u00e9ducative situ\u00e9e dans les bois de Chaou\u00e9. A ce titre certains cours de SVT auront lieu en for\u00eat.<\/p>\n\n\n\n<p>Il est demand\u00e9 aux \u00e9l\u00e8ves d\u2019avoir une tenue adapt\u00e9e aux conditions m\u00e9t\u00e9o. Les cours en ext\u00e9rieur seront signal\u00e9s par message pronote et sur le tableau de la salle de SVT une semaine avant.<\/p>\n\n\n<div class=\"wp-block-image\">\n<figure class=\"aligncenter size-full is-resized\"><a href=\"http:\/\/www.lessvtdelagrenouille.fr\/blog\/wp-content\/uploads\/2024\/09\/logo-aires-terrestres-educatives.jpg\"><img loading=\"lazy\" decoding=\"async\" width=\"800\" height=\"600\" src=\"http:\/\/www.lessvtdelagrenouille.fr\/blog\/wp-content\/uploads\/2024\/09\/logo-aires-terrestres-educatives.jpg\" alt=\"\" class=\"wp-image-8425\" style=\"width:153px;height:auto\" srcset=\"http:\/\/www.lessvtdelagrenouille.fr\/blog\/wp-content\/uploads\/2024\/09\/logo-aires-terrestres-educatives.jpg 800w, http:\/\/www.lessvtdelagrenouille.fr\/blog\/wp-content\/uploads\/2024\/09\/logo-aires-terrestres-educatives-300x225.jpg 300w, http:\/\/www.lessvtdelagrenouille.fr\/blog\/wp-content\/uploads\/2024\/09\/logo-aires-terrestres-educatives-768x576.jpg 768w\" sizes=\"auto, (max-width: 800px) 100vw, 800px\" \/><\/a><\/figure>\n<\/div>","protected":false},"excerpt":{"rendered":"<p>Les classes de sixi\u00e8me du coll\u00e8ge sont engag\u00e9es dans l\u2019 \u00e9tude d\u2019un espace naturel appel\u00e9 aire terrestre \u00e9ducative situ\u00e9e dans les bois de Chaou\u00e9. A ce titre certains cours de SVT auront lieu en for\u00eat. Il est demand\u00e9 aux \u00e9l\u00e8ves d\u2019avoir une tenue adapt\u00e9e aux conditions m\u00e9t\u00e9o. Les cours en ext\u00e9rieur seront signal\u00e9s par message &#8230; <a title=\"Cours en ext\u00e9rieur en SVT\" class=\"read-more\" href=\"http:\/\/www.lessvtdelagrenouille.fr\/blog\/cours-en-exterieur-en-svt\/\" aria-label=\"En savoir plus sur Cours en ext\u00e9rieur en SVT\">Lire la suite&#8230;<\/a><\/p>\n","protected":false},"author":1,"featured_media":8425,"comment_status":"open","ping_status":"open","sticky":false,"template":"","format":"standard","meta":{"footnotes":""},"categories":[193,357,380,224,145,220,225,345],"tags":[66,38,81,72],"class_list":["post-8485","post","type-post","status-publish","format-standard","has-post-thumbnail","hentry","category-6eme","category-a2d2","category-aire-terrestre","category-carrevert","category-cycle-3","category-e3d","category-e3ddansdiscipline","category-news","tag-66","tag-college","tag-cycle3","tag-dev-durable"],"featured_image_urls_v2":{"full":["http:\/\/www.lessvtdelagrenouille.fr\/blog\/wp-content\/uploads\/2024\/09\/logo-aires-terrestres-educatives.jpg",800,600,false],"thumbnail":["http:\/\/www.lessvtdelagrenouille.fr\/blog\/wp-content\/uploads\/2024\/09\/logo-aires-terrestres-educatives-150x150.jpg",150,150,true],"medium":["http:\/\/www.lessvtdelagrenouille.fr\/blog\/wp-content\/uploads\/2024\/09\/logo-aires-terrestres-educatives-300x225.jpg",300,225,true],"medium_large":["http:\/\/www.lessvtdelagrenouille.fr\/blog\/wp-content\/uploads\/2024\/09\/logo-aires-terrestres-educatives-768x576.jpg",768,576,true],"large":["http:\/\/www.lessvtdelagrenouille.fr\/blog\/wp-content\/uploads\/2024\/09\/logo-aires-terrestres-educatives.jpg",800,600,false],"1536x1536":["http:\/\/www.lessvtdelagrenouille.fr\/blog\/wp-content\/uploads\/2024\/09\/logo-aires-terrestres-educatives.jpg",800,600,false],"2048x2048":["http:\/\/www.lessvtdelagrenouille.fr\/blog\/wp-content\/uploads\/2024\/09\/logo-aires-terrestres-educatives.jpg",800,600,false]},"post_excerpt_stackable_v2":"<p>Les classes de sixi\u00e8me du coll\u00e8ge sont engag\u00e9es dans l\u2019 \u00e9tude d\u2019un espace naturel appel\u00e9 aire terrestre \u00e9ducative situ\u00e9e dans les bois de Chaou\u00e9. A ce titre certains cours de SVT auront lieu en for\u00eat. Il est demand\u00e9 aux \u00e9l\u00e8ves d\u2019avoir une tenue adapt\u00e9e aux conditions m\u00e9t\u00e9o. Les cours en ext\u00e9rieur seront signal\u00e9s par message pronote et sur le tableau de la salle de SVT une semaine avant.<\/p>\n","category_list_v2":"<a href=\"http:\/\/www.lessvtdelagrenouille.fr\/blog\/category\/6eme\/\" rel=\"category tag\">6eme<\/a>, <a href=\"http:\/\/www.lessvtdelagrenouille.fr\/blog\/category\/a2d2\/\" rel=\"category tag\">A2D2<\/a>, <a href=\"http:\/\/www.lessvtdelagrenouille.fr\/blog\/category\/aire-terrestre\/\" rel=\"category tag\">aire terrestre<\/a>, <a href=\"http:\/\/www.lessvtdelagrenouille.fr\/blog\/category\/carrevert\/\" rel=\"category tag\">carr\u00e9vert<\/a>, <a href=\"http:\/\/www.lessvtdelagrenouille.fr\/blog\/category\/cycle-3\/\" rel=\"category tag\">cycle 3<\/a>, <a href=\"http:\/\/www.lessvtdelagrenouille.fr\/blog\/category\/e3d\/\" rel=\"category tag\">E3D<\/a>, <a href=\"http:\/\/www.lessvtdelagrenouille.fr\/blog\/category\/e3ddansdiscipline\/\" rel=\"category tag\">e3ddansdiscipline<\/a>, <a href=\"http:\/\/www.lessvtdelagrenouille.fr\/blog\/category\/news\/\" rel=\"category tag\">news<\/a>","author_info_v2":{"name":"RolandC","url":"http:\/\/www.lessvtdelagrenouille.fr\/blog\/author\/rollandc\/"},"comments_num_v2":"0 commentaire","_links":{"self":[{"href":"http:\/\/www.lessvtdelagrenouille.fr\/blog\/wp-json\/wp\/v2\/posts\/8485","targetHints":{"allow":["GET"]}}],"collection":[{"href":"http:\/\/www.lessvtdelagrenouille.fr\/blog\/wp-json\/wp\/v2\/posts"}],"about":[{"href":"http:\/\/www.lessvtdelagrenouille.fr\/blog\/wp-json\/wp\/v2\/types\/post"}],"author":[{"embeddable":true,"href":"http:\/\/www.lessvtdelagrenouille.fr\/blog\/wp-json\/wp\/v2\/users\/1"}],"replies":[{"embeddable":true,"href":"http:\/\/www.lessvtdelagrenouille.fr\/blog\/wp-json\/wp\/v2\/comments?post=8485"}],"version-history":[{"count":1,"href":"http:\/\/www.lessvtdelagrenouille.fr\/blog\/wp-json\/wp\/v2\/posts\/8485\/revisions"}],"predecessor-version":[{"id":8486,"href":"http:\/\/www.lessvtdelagrenouille.fr\/blog\/wp-json\/wp\/v2\/posts\/8485\/revisions\/8486"}],"wp:featuredmedia":[{"embeddable":true,"href":"http:\/\/www.lessvtdelagrenouille.fr\/blog\/wp-json\/wp\/v2\/media\/8425"}],"wp:attachment":[{"href":"http:\/\/www.lessvtdelagrenouille.fr\/blog\/wp-json\/wp\/v2\/media?parent=8485"}],"wp:term":[{"taxonomy":"category","embeddable":true,"href":"http:\/\/www.lessvtdelagrenouille.fr\/blog\/wp-json\/wp\/v2\/categories?post=8485"},{"taxonomy":"post_tag","embeddable":true,"href":"http:\/\/www.lessvtdelagrenouille.fr\/blog\/wp-json\/wp\/v2\/tags?post=8485"}],"curies":[{"name":"wp","href":"https:\/\/api.w.org\/{rel}","templated":true}]}}