{"id":8867,"date":"2025-10-03T13:58:44","date_gmt":"2025-10-03T12:58:44","guid":{"rendered":"http:\/\/www.lessvtdelagrenouille.fr\/blog\/?p=8867"},"modified":"2025-10-03T13:58:45","modified_gmt":"2025-10-03T12:58:45","slug":"un-seisme-en-bretagne","status":"publish","type":"post","link":"http:\/\/www.lessvtdelagrenouille.fr\/blog\/un-seisme-en-bretagne\/","title":{"rendered":"Un s\u00e9isme en Bretagne"},"content":{"rendered":"\n<figure class=\"wp-block-table\"><table><tbody><tr><td><\/td><\/tr><tr><td>Un tremblement de terre a \u00e9t\u00e9 enregistr\u00e9 ce mardi 29 juillet 2025 en Bretagne, pr\u00e8s de Quimper. Un s\u00e9isme notable en France. Ce mardi 29 juillet, un tremblement de terre s&rsquo;est produit en Bretagne, \u00e0 une dizaine de kilom\u00e8tres de Quimper (Finist\u00e8re). La secousse s&rsquo;est produite peu avant 13h. Dans un premier temps, le r\u00e9seau national de surveillance sismique (R\u00e9NaSS) \u00e9voquait une magnitude de 3,7 sur l&rsquo;\u00e9chelle de Richter. Mais apr\u00e8s des v\u00e9rifications, c&rsquo;est la valeur de 3,3 qui a \u00e9t\u00e9 retenue par les analystes, selon la derni\u00e8re mise \u00e0 jour sur <a href=\"https:\/\/renass.unistra.fr\/fr\/evenements\/fr2025rpvaqq\/\">le site internet<\/a> du bureau d\u2019\u00e9tude sismique. \u00c0 noter que le s\u00e9isme a \u00e9t\u00e9 enregistr\u00e9 \u00e0 environ 13 km de profondeur.&nbsp; De nombreux locaux &#8211; \u00e0 Kernevel, Gouesnach ou Concarneau par exemple &#8211; ont visiblement sentir la terre trembler sous leurs pieds, comme l&rsquo;indiquent les t\u00e9moignages sur les r\u00e9seaux sociaux.&nbsp;Certains parlent d&rsquo;un \u00ab\u00a0grondement puis un gros boom\u00a0\u00bb, d&rsquo;autres d&rsquo;un \u00ab\u00a0grondement pr\u00e9c\u00e9d\u00e9 de vibrations\u00a0\u00bb. &nbsp; <em>Maxime Grevin pour TF1 info<\/em><\/td><\/tr><tr><td>R\u00e9aliser l\u2019\u00e9tude du document \u2026\u2026\u2026\u2026\u2026\u2026\u2026\u2026\u2026\u2026\u2026\u2026\u2026\u2026\u2026\u2026\u2026\u2026\u2026\u2026\u2026\u2026\u2026\u2026\u2026\u2026\u2026\u2026\u2026\u2026\u2026\u2026 \u2026\u2026\u2026\u2026\u2026\u2026\u2026\u2026\u2026\u2026\u2026\u2026\u2026\u2026\u2026\u2026\u2026\u2026\u2026\u2026\u2026\u2026\u2026\u2026\u2026\u2026\u2026\u2026\u2026\u2026\u2026\u2026 \u2026\u2026\u2026\u2026\u2026\u2026\u2026\u2026\u2026\u2026\u2026\u2026\u2026\u2026\u2026\u2026\u2026\u2026\u2026\u2026\u2026\u2026\u2026\u2026\u2026\u2026\u2026\u2026\u2026\u2026\u2026\u2026 \u2026\u2026\u2026\u2026\u2026\u2026\u2026\u2026\u2026\u2026\u2026\u2026\u2026\u2026\u2026\u2026\u2026\u2026\u2026\u2026\u2026\u2026\u2026\u2026\u2026\u2026\u2026\u2026\u2026\u2026\u2026&#8230;v \u2026\u2026\u2026\u2026\u2026\u2026\u2026\u2026\u2026\u2026\u2026\u2026\u2026\u2026\u2026\u2026\u2026\u2026\u2026\u2026\u2026\u2026\u2026\u2026\u2026\u2026\u2026\u2026\u2026\u2026\u2026\u2026 \u2026\u2026\u2026\u2026\u2026\u2026\u2026\u2026\u2026\u2026\u2026\u2026\u2026\u2026\u2026\u2026\u2026\u2026\u2026\u2026\u2026\u2026\u2026\u2026\u2026\u2026\u2026\u2026\u2026\u2026\u2026\u2026 \u2026\u2026\u2026\u2026\u2026\u2026\u2026\u2026\u2026\u2026\u2026\u2026\u2026\u2026\u2026\u2026\u2026\u2026\u2026\u2026\u2026\u2026\u2026\u2026\u2026\u2026\u2026\u2026\u2026\u2026\u2026\u2026 \u2026\u2026\u2026\u2026\u2026\u2026\u2026\u2026\u2026\u2026\u2026\u2026\u2026\u2026\u2026\u2026\u2026\u2026\u2026\u2026\u2026\u2026\u2026\u2026\u2026\u2026\u2026\u2026\u2026\u2026\u2026&#8230;<\/td><\/tr><\/tbody><\/table><\/figure>\n","protected":false},"excerpt":{"rendered":"<p>Un tremblement de terre a \u00e9t\u00e9 enregistr\u00e9 ce mardi 29 juillet 2025 en Bretagne, pr\u00e8s de Quimper. Un s\u00e9isme notable en France. Ce mardi 29 juillet, un tremblement de terre s&rsquo;est produit en Bretagne, \u00e0 une dizaine de kilom\u00e8tres de Quimper (Finist\u00e8re). La secousse s&rsquo;est produite peu avant 13h. Dans un premier temps, le r\u00e9seau &#8230; <a title=\"Un s\u00e9isme en Bretagne\" class=\"read-more\" href=\"http:\/\/www.lessvtdelagrenouille.fr\/blog\/un-seisme-en-bretagne\/\" aria-label=\"En savoir plus sur Un s\u00e9isme en Bretagne\">Lire la suite&#8230;<\/a><\/p>\n","protected":false},"author":1,"featured_media":289,"comment_status":"open","ping_status":"open","sticky":false,"template":"","format":"standard","meta":{"footnotes":""},"categories":[195],"tags":[68],"class_list":["post-8867","post","type-post","status-publish","format-standard","has-post-thumbnail","hentry","category-4eme","tag-68"],"featured_image_urls_v2":{"full":["http:\/\/www.lessvtdelagrenouille.fr\/blog\/wp-content\/uploads\/2013\/11\/ide-morbihan-seisme.jpg",462,462,false],"thumbnail":["http:\/\/www.lessvtdelagrenouille.fr\/blog\/wp-content\/uploads\/2013\/11\/ide-morbihan-seisme-150x150.jpg",150,150,true],"medium":["http:\/\/www.lessvtdelagrenouille.fr\/blog\/wp-content\/uploads\/2013\/11\/ide-morbihan-seisme-300x300.jpg",300,300,true],"medium_large":["http:\/\/www.lessvtdelagrenouille.fr\/blog\/wp-content\/uploads\/2013\/11\/ide-morbihan-seisme.jpg",462,462,false],"large":["http:\/\/www.lessvtdelagrenouille.fr\/blog\/wp-content\/uploads\/2013\/11\/ide-morbihan-seisme.jpg",462,462,false],"1536x1536":["http:\/\/www.lessvtdelagrenouille.fr\/blog\/wp-content\/uploads\/2013\/11\/ide-morbihan-seisme.jpg",462,462,false],"2048x2048":["http:\/\/www.lessvtdelagrenouille.fr\/blog\/wp-content\/uploads\/2013\/11\/ide-morbihan-seisme.jpg",462,462,false]},"post_excerpt_stackable_v2":"<p>Un tremblement de terre a \u00e9t\u00e9 enregistr\u00e9 ce mardi 29 juillet 2025 en Bretagne, pr\u00e8s de Quimper. Un s\u00e9isme notable en France. Ce mardi 29 juillet, un tremblement de terre s&rsquo;est produit en Bretagne, \u00e0 une dizaine de kilom\u00e8tres de Quimper (Finist\u00e8re). La secousse s&rsquo;est produite peu avant 13h. Dans un premier temps, le r\u00e9seau national de surveillance sismique (R\u00e9NaSS) \u00e9voquait une magnitude de 3,7 sur l&rsquo;\u00e9chelle de Richter. Mais apr\u00e8s des v\u00e9rifications, c&rsquo;est la valeur de 3,3 qui a \u00e9t\u00e9 retenue par les analystes, selon la derni\u00e8re mise \u00e0 jour sur le site internet du bureau d\u2019\u00e9tude sismique. \u00c0\u2026<\/p>\n","category_list_v2":"<a href=\"http:\/\/www.lessvtdelagrenouille.fr\/blog\/category\/4eme\/\" rel=\"category tag\">4eme<\/a>","author_info_v2":{"name":"RolandC","url":"http:\/\/www.lessvtdelagrenouille.fr\/blog\/author\/rollandc\/"},"comments_num_v2":"0 commentaire","_links":{"self":[{"href":"http:\/\/www.lessvtdelagrenouille.fr\/blog\/wp-json\/wp\/v2\/posts\/8867","targetHints":{"allow":["GET"]}}],"collection":[{"href":"http:\/\/www.lessvtdelagrenouille.fr\/blog\/wp-json\/wp\/v2\/posts"}],"about":[{"href":"http:\/\/www.lessvtdelagrenouille.fr\/blog\/wp-json\/wp\/v2\/types\/post"}],"author":[{"embeddable":true,"href":"http:\/\/www.lessvtdelagrenouille.fr\/blog\/wp-json\/wp\/v2\/users\/1"}],"replies":[{"embeddable":true,"href":"http:\/\/www.lessvtdelagrenouille.fr\/blog\/wp-json\/wp\/v2\/comments?post=8867"}],"version-history":[{"count":1,"href":"http:\/\/www.lessvtdelagrenouille.fr\/blog\/wp-json\/wp\/v2\/posts\/8867\/revisions"}],"predecessor-version":[{"id":8868,"href":"http:\/\/www.lessvtdelagrenouille.fr\/blog\/wp-json\/wp\/v2\/posts\/8867\/revisions\/8868"}],"wp:featuredmedia":[{"embeddable":true,"href":"http:\/\/www.lessvtdelagrenouille.fr\/blog\/wp-json\/wp\/v2\/media\/289"}],"wp:attachment":[{"href":"http:\/\/www.lessvtdelagrenouille.fr\/blog\/wp-json\/wp\/v2\/media?parent=8867"}],"wp:term":[{"taxonomy":"category","embeddable":true,"href":"http:\/\/www.lessvtdelagrenouille.fr\/blog\/wp-json\/wp\/v2\/categories?post=8867"},{"taxonomy":"post_tag","embeddable":true,"href":"http:\/\/www.lessvtdelagrenouille.fr\/blog\/wp-json\/wp\/v2\/tags?post=8867"}],"curies":[{"name":"wp","href":"https:\/\/api.w.org\/{rel}","templated":true}]}}