{"id":8879,"date":"2025-10-15T14:46:09","date_gmt":"2025-10-15T13:46:09","guid":{"rendered":"https:\/\/www.lessvtdelagrenouille.fr\/blog\/?p=8879"},"modified":"2025-10-15T14:46:10","modified_gmt":"2025-10-15T13:46:10","slug":"une-nouvelle-annee-dans-lair-terrestre-educative","status":"publish","type":"post","link":"http:\/\/www.lessvtdelagrenouille.fr\/blog\/une-nouvelle-annee-dans-lair-terrestre-educative\/","title":{"rendered":"Une nouvelle ann\u00e9e dans l&rsquo;air terrestre \u00e9ducative"},"content":{"rendered":"\n<div class=\"wp-block-columns is-layout-flex wp-container-core-columns-is-layout-9d6595d7 wp-block-columns-is-layout-flex\">\n<div class=\"wp-block-column is-layout-flow wp-block-column-is-layout-flow\">\n<figure class=\"wp-block-image size-full is-resized\"><a href=\"http:\/\/www.lessvtdelagrenouille.fr\/blog\/wp-content\/uploads\/2024\/09\/logo-aires-terrestres-educatives.jpg\"><img loading=\"lazy\" decoding=\"async\" width=\"800\" height=\"600\" src=\"http:\/\/www.lessvtdelagrenouille.fr\/blog\/wp-content\/uploads\/2024\/09\/logo-aires-terrestres-educatives.jpg\" alt=\"\" class=\"wp-image-8425\" style=\"width:233px;height:auto\" srcset=\"http:\/\/www.lessvtdelagrenouille.fr\/blog\/wp-content\/uploads\/2024\/09\/logo-aires-terrestres-educatives.jpg 800w, http:\/\/www.lessvtdelagrenouille.fr\/blog\/wp-content\/uploads\/2024\/09\/logo-aires-terrestres-educatives-300x225.jpg 300w, http:\/\/www.lessvtdelagrenouille.fr\/blog\/wp-content\/uploads\/2024\/09\/logo-aires-terrestres-educatives-768x576.jpg 768w\" sizes=\"auto, (max-width: 800px) 100vw, 800px\" \/><\/a><\/figure>\n<\/div>\n\n\n\n<div class=\"wp-block-column is-layout-flow wp-block-column-is-layout-flow\">\n<h2 class=\"wp-block-heading\"><strong>C&rsquo;est quoi?<\/strong> <\/h2>\n\n\n\n<p>Les aires \u00e9ducatives sont de petits espaces naturels g\u00e9r\u00e9s de mani\u00e8re participative par les \u00e9l\u00e8ves, encadr\u00e9s par leurs enseignants et un organisme comp\u00e9tent en \u00e9ducation \u00e0 l\u2019environnement. <\/p>\n<\/div>\n<\/div>\n\n\n\n<h2 class=\"wp-block-heading\"><strong>Notre vision:<\/strong><\/h2>\n\n\n\n<figure class=\"wp-block-pullquote\"><blockquote><p>Notre aire terrestre est une parcelle du bois de Chaou\u00e9 situ\u00e9 \u00e0 Allonnes qui est le th\u00e9\u00e2tre d&rsquo;activit\u00e9s en tout genre pour de nombreuses \u00e9coles, les 2 coll\u00e8ges et le lyc\u00e9e de notre territoire. Entre construction, travail des sens, d\u00e9couverte de la biodiversit\u00e9&#8230; quelque soit l&rsquo;\u00e2ge, quelque soit la mati\u00e8re l&rsquo;objectif est d&rsquo;ancrer les apprentissages fondamentaux dans la fr\u00e9quentation r\u00e9guli\u00e8re d\u2019un espace naturel de proximit\u00e9.<\/p><\/blockquote><\/figure>\n\n\n\n<figure class=\"wp-block-gallery has-nested-images columns-default is-cropped wp-block-gallery-1 is-layout-flex wp-block-gallery-is-layout-flex\">\n<figure class=\"wp-block-image size-large\"><a href=\"https:\/\/www.lessvtdelagrenouille.fr\/blog\/wp-content\/uploads\/2025\/10\/IMG_20251013_092228_415-scaled.jpg\"><img loading=\"lazy\" decoding=\"async\" width=\"1024\" height=\"772\" data-id=\"8884\" src=\"https:\/\/www.lessvtdelagrenouille.fr\/blog\/wp-content\/uploads\/2025\/10\/IMG_20251013_092228_415-1024x772.jpg\" alt=\"\" class=\"wp-image-8884\" srcset=\"http:\/\/www.lessvtdelagrenouille.fr\/blog\/wp-content\/uploads\/2025\/10\/IMG_20251013_092228_415-1024x772.jpg 1024w, http:\/\/www.lessvtdelagrenouille.fr\/blog\/wp-content\/uploads\/2025\/10\/IMG_20251013_092228_415-300x226.jpg 300w, http:\/\/www.lessvtdelagrenouille.fr\/blog\/wp-content\/uploads\/2025\/10\/IMG_20251013_092228_415-768x579.jpg 768w, http:\/\/www.lessvtdelagrenouille.fr\/blog\/wp-content\/uploads\/2025\/10\/IMG_20251013_092228_415-1536x1157.jpg 1536w, http:\/\/www.lessvtdelagrenouille.fr\/blog\/wp-content\/uploads\/2025\/10\/IMG_20251013_092228_415-2048x1543.jpg 2048w\" sizes=\"auto, (max-width: 1024px) 100vw, 1024px\" \/><\/a><\/figure>\n\n\n\n<figure class=\"wp-block-image size-large\"><a href=\"https:\/\/www.lessvtdelagrenouille.fr\/blog\/wp-content\/uploads\/2025\/10\/IMG_20251013_105934_733-scaled.jpg\"><img loading=\"lazy\" decoding=\"async\" width=\"772\" height=\"1024\" data-id=\"8880\" src=\"https:\/\/www.lessvtdelagrenouille.fr\/blog\/wp-content\/uploads\/2025\/10\/IMG_20251013_105934_733-772x1024.jpg\" alt=\"\" class=\"wp-image-8880\" srcset=\"http:\/\/www.lessvtdelagrenouille.fr\/blog\/wp-content\/uploads\/2025\/10\/IMG_20251013_105934_733-772x1024.jpg 772w, http:\/\/www.lessvtdelagrenouille.fr\/blog\/wp-content\/uploads\/2025\/10\/IMG_20251013_105934_733-226x300.jpg 226w, http:\/\/www.lessvtdelagrenouille.fr\/blog\/wp-content\/uploads\/2025\/10\/IMG_20251013_105934_733-768x1019.jpg 768w, http:\/\/www.lessvtdelagrenouille.fr\/blog\/wp-content\/uploads\/2025\/10\/IMG_20251013_105934_733-1157x1536.jpg 1157w, http:\/\/www.lessvtdelagrenouille.fr\/blog\/wp-content\/uploads\/2025\/10\/IMG_20251013_105934_733-1543x2048.jpg 1543w, http:\/\/www.lessvtdelagrenouille.fr\/blog\/wp-content\/uploads\/2025\/10\/IMG_20251013_105934_733-scaled.jpg 1929w\" sizes=\"auto, (max-width: 772px) 100vw, 772px\" \/><\/a><\/figure>\n\n\n\n<figure class=\"wp-block-image size-large\"><a href=\"https:\/\/www.lessvtdelagrenouille.fr\/blog\/wp-content\/uploads\/2025\/10\/IMG_20251013_091356_113-scaled.jpg\"><img loading=\"lazy\" decoding=\"async\" width=\"772\" height=\"1024\" data-id=\"8882\" src=\"https:\/\/www.lessvtdelagrenouille.fr\/blog\/wp-content\/uploads\/2025\/10\/IMG_20251013_091356_113-772x1024.jpg\" alt=\"\" class=\"wp-image-8882\" srcset=\"http:\/\/www.lessvtdelagrenouille.fr\/blog\/wp-content\/uploads\/2025\/10\/IMG_20251013_091356_113-772x1024.jpg 772w, http:\/\/www.lessvtdelagrenouille.fr\/blog\/wp-content\/uploads\/2025\/10\/IMG_20251013_091356_113-226x300.jpg 226w, http:\/\/www.lessvtdelagrenouille.fr\/blog\/wp-content\/uploads\/2025\/10\/IMG_20251013_091356_113-768x1019.jpg 768w, http:\/\/www.lessvtdelagrenouille.fr\/blog\/wp-content\/uploads\/2025\/10\/IMG_20251013_091356_113-1157x1536.jpg 1157w, http:\/\/www.lessvtdelagrenouille.fr\/blog\/wp-content\/uploads\/2025\/10\/IMG_20251013_091356_113-1543x2048.jpg 1543w, http:\/\/www.lessvtdelagrenouille.fr\/blog\/wp-content\/uploads\/2025\/10\/IMG_20251013_091356_113-scaled.jpg 1929w\" sizes=\"auto, (max-width: 772px) 100vw, 772px\" \/><\/a><\/figure>\n\n\n\n<figure class=\"wp-block-image size-large\"><a href=\"https:\/\/www.lessvtdelagrenouille.fr\/blog\/wp-content\/uploads\/2025\/10\/IMG_20251013_091336_517-scaled.jpg\"><img loading=\"lazy\" decoding=\"async\" width=\"772\" height=\"1024\" data-id=\"8883\" src=\"https:\/\/www.lessvtdelagrenouille.fr\/blog\/wp-content\/uploads\/2025\/10\/IMG_20251013_091336_517-772x1024.jpg\" alt=\"\" class=\"wp-image-8883\" srcset=\"http:\/\/www.lessvtdelagrenouille.fr\/blog\/wp-content\/uploads\/2025\/10\/IMG_20251013_091336_517-772x1024.jpg 772w, http:\/\/www.lessvtdelagrenouille.fr\/blog\/wp-content\/uploads\/2025\/10\/IMG_20251013_091336_517-226x300.jpg 226w, http:\/\/www.lessvtdelagrenouille.fr\/blog\/wp-content\/uploads\/2025\/10\/IMG_20251013_091336_517-768x1019.jpg 768w, http:\/\/www.lessvtdelagrenouille.fr\/blog\/wp-content\/uploads\/2025\/10\/IMG_20251013_091336_517-1157x1536.jpg 1157w, http:\/\/www.lessvtdelagrenouille.fr\/blog\/wp-content\/uploads\/2025\/10\/IMG_20251013_091336_517-1543x2048.jpg 1543w, http:\/\/www.lessvtdelagrenouille.fr\/blog\/wp-content\/uploads\/2025\/10\/IMG_20251013_091336_517-scaled.jpg 1929w\" sizes=\"auto, (max-width: 772px) 100vw, 772px\" \/><\/a><\/figure>\n\n\n\n<figure class=\"wp-block-image size-large\"><a href=\"https:\/\/www.lessvtdelagrenouille.fr\/blog\/wp-content\/uploads\/2025\/10\/IMG_20251013_091408_343-scaled.jpg\"><img loading=\"lazy\" decoding=\"async\" width=\"772\" height=\"1024\" data-id=\"8881\" src=\"https:\/\/www.lessvtdelagrenouille.fr\/blog\/wp-content\/uploads\/2025\/10\/IMG_20251013_091408_343-772x1024.jpg\" alt=\"\" class=\"wp-image-8881\" srcset=\"http:\/\/www.lessvtdelagrenouille.fr\/blog\/wp-content\/uploads\/2025\/10\/IMG_20251013_091408_343-772x1024.jpg 772w, http:\/\/www.lessvtdelagrenouille.fr\/blog\/wp-content\/uploads\/2025\/10\/IMG_20251013_091408_343-226x300.jpg 226w, http:\/\/www.lessvtdelagrenouille.fr\/blog\/wp-content\/uploads\/2025\/10\/IMG_20251013_091408_343-768x1019.jpg 768w, http:\/\/www.lessvtdelagrenouille.fr\/blog\/wp-content\/uploads\/2025\/10\/IMG_20251013_091408_343-1157x1536.jpg 1157w, http:\/\/www.lessvtdelagrenouille.fr\/blog\/wp-content\/uploads\/2025\/10\/IMG_20251013_091408_343-1543x2048.jpg 1543w, http:\/\/www.lessvtdelagrenouille.fr\/blog\/wp-content\/uploads\/2025\/10\/IMG_20251013_091408_343-scaled.jpg 1929w\" sizes=\"auto, (max-width: 772px) 100vw, 772px\" \/><\/a><\/figure>\n<\/figure>\n","protected":false},"excerpt":{"rendered":"<p>C&rsquo;est quoi? Les aires \u00e9ducatives sont de petits espaces naturels g\u00e9r\u00e9s de mani\u00e8re participative par les \u00e9l\u00e8ves, encadr\u00e9s par leurs enseignants et un organisme comp\u00e9tent en \u00e9ducation \u00e0 l\u2019environnement. Notre vision: Notre aire terrestre est une parcelle du bois de Chaou\u00e9 situ\u00e9 \u00e0 Allonnes qui est le th\u00e9\u00e2tre d&rsquo;activit\u00e9s en tout genre pour de nombreuses &#8230; <a title=\"Une nouvelle ann\u00e9e dans l&rsquo;air terrestre \u00e9ducative\" class=\"read-more\" href=\"http:\/\/www.lessvtdelagrenouille.fr\/blog\/une-nouvelle-annee-dans-lair-terrestre-educative\/\" aria-label=\"En savoir plus sur Une nouvelle ann\u00e9e dans l&rsquo;air terrestre \u00e9ducative\">Lire la suite&#8230;<\/a><\/p>\n","protected":false},"author":1,"featured_media":8425,"comment_status":"open","ping_status":"closed","sticky":false,"template":"","format":"standard","meta":{"footnotes":""},"categories":[193,220,225,349,358,345,351,344,340,346],"tags":[],"class_list":["post-8879","post","type-post","status-publish","format-standard","has-post-thumbnail","hentry","category-6eme","category-e3d","category-e3ddansdiscipline","category-kennedy","category-lyautey","category-news","category-pasteur","category-primaire","category-projet6","category-territoire"],"featured_image_urls_v2":{"full":["http:\/\/www.lessvtdelagrenouille.fr\/blog\/wp-content\/uploads\/2024\/09\/logo-aires-terrestres-educatives.jpg",800,600,false],"thumbnail":["http:\/\/www.lessvtdelagrenouille.fr\/blog\/wp-content\/uploads\/2024\/09\/logo-aires-terrestres-educatives-150x150.jpg",150,150,true],"medium":["http:\/\/www.lessvtdelagrenouille.fr\/blog\/wp-content\/uploads\/2024\/09\/logo-aires-terrestres-educatives-300x225.jpg",300,225,true],"medium_large":["http:\/\/www.lessvtdelagrenouille.fr\/blog\/wp-content\/uploads\/2024\/09\/logo-aires-terrestres-educatives-768x576.jpg",768,576,true],"large":["http:\/\/www.lessvtdelagrenouille.fr\/blog\/wp-content\/uploads\/2024\/09\/logo-aires-terrestres-educatives.jpg",800,600,false],"1536x1536":["http:\/\/www.lessvtdelagrenouille.fr\/blog\/wp-content\/uploads\/2024\/09\/logo-aires-terrestres-educatives.jpg",800,600,false],"2048x2048":["http:\/\/www.lessvtdelagrenouille.fr\/blog\/wp-content\/uploads\/2024\/09\/logo-aires-terrestres-educatives.jpg",800,600,false]},"post_excerpt_stackable_v2":"<p>C&rsquo;est quoi? Les aires \u00e9ducatives sont de petits espaces naturels g\u00e9r\u00e9s de mani\u00e8re participative par les \u00e9l\u00e8ves, encadr\u00e9s par leurs enseignants et un organisme comp\u00e9tent en \u00e9ducation \u00e0 l\u2019environnement. Notre vision: Notre aire terrestre est une parcelle du bois de Chaou\u00e9 situ\u00e9 \u00e0 Allonnes qui est le th\u00e9\u00e2tre d&rsquo;activit\u00e9s en tout genre pour de nombreuses \u00e9coles, les 2 coll\u00e8ges et le lyc\u00e9e de notre territoire. Entre construction, travail des sens, d\u00e9couverte de la biodiversit\u00e9&#8230; quelque soit l&rsquo;\u00e2ge, quelque soit la mati\u00e8re l&rsquo;objectif est d&rsquo;ancrer les apprentissages fondamentaux dans la fr\u00e9quentation r\u00e9guli\u00e8re d\u2019un espace naturel de proximit\u00e9.<\/p>\n","category_list_v2":"<a href=\"http:\/\/www.lessvtdelagrenouille.fr\/blog\/category\/6eme\/\" rel=\"category tag\">6eme<\/a>, <a href=\"http:\/\/www.lessvtdelagrenouille.fr\/blog\/category\/e3d\/\" rel=\"category tag\">E3D<\/a>, <a href=\"http:\/\/www.lessvtdelagrenouille.fr\/blog\/category\/e3ddansdiscipline\/\" rel=\"category tag\">e3ddansdiscipline<\/a>, <a href=\"http:\/\/www.lessvtdelagrenouille.fr\/blog\/category\/kennedy\/\" rel=\"category tag\">kennedy<\/a>, <a href=\"http:\/\/www.lessvtdelagrenouille.fr\/blog\/category\/lyautey\/\" rel=\"category tag\">Lyautey<\/a>, <a href=\"http:\/\/www.lessvtdelagrenouille.fr\/blog\/category\/news\/\" rel=\"category tag\">news<\/a>, <a href=\"http:\/\/www.lessvtdelagrenouille.fr\/blog\/category\/pasteur\/\" rel=\"category tag\">Pasteur<\/a>, <a href=\"http:\/\/www.lessvtdelagrenouille.fr\/blog\/category\/primaire\/\" rel=\"category tag\">primaire<\/a>, <a href=\"http:\/\/www.lessvtdelagrenouille.fr\/blog\/category\/projet6\/\" rel=\"category tag\">projet6<\/a>, <a href=\"http:\/\/www.lessvtdelagrenouille.fr\/blog\/category\/territoire\/\" rel=\"category tag\">territoire<\/a>","author_info_v2":{"name":"RolandC","url":"http:\/\/www.lessvtdelagrenouille.fr\/blog\/author\/rollandc\/"},"comments_num_v2":"0 commentaire","_links":{"self":[{"href":"http:\/\/www.lessvtdelagrenouille.fr\/blog\/wp-json\/wp\/v2\/posts\/8879","targetHints":{"allow":["GET"]}}],"collection":[{"href":"http:\/\/www.lessvtdelagrenouille.fr\/blog\/wp-json\/wp\/v2\/posts"}],"about":[{"href":"http:\/\/www.lessvtdelagrenouille.fr\/blog\/wp-json\/wp\/v2\/types\/post"}],"author":[{"embeddable":true,"href":"http:\/\/www.lessvtdelagrenouille.fr\/blog\/wp-json\/wp\/v2\/users\/1"}],"replies":[{"embeddable":true,"href":"http:\/\/www.lessvtdelagrenouille.fr\/blog\/wp-json\/wp\/v2\/comments?post=8879"}],"version-history":[{"count":1,"href":"http:\/\/www.lessvtdelagrenouille.fr\/blog\/wp-json\/wp\/v2\/posts\/8879\/revisions"}],"predecessor-version":[{"id":8885,"href":"http:\/\/www.lessvtdelagrenouille.fr\/blog\/wp-json\/wp\/v2\/posts\/8879\/revisions\/8885"}],"wp:featuredmedia":[{"embeddable":true,"href":"http:\/\/www.lessvtdelagrenouille.fr\/blog\/wp-json\/wp\/v2\/media\/8425"}],"wp:attachment":[{"href":"http:\/\/www.lessvtdelagrenouille.fr\/blog\/wp-json\/wp\/v2\/media?parent=8879"}],"wp:term":[{"taxonomy":"category","embeddable":true,"href":"http:\/\/www.lessvtdelagrenouille.fr\/blog\/wp-json\/wp\/v2\/categories?post=8879"},{"taxonomy":"post_tag","embeddable":true,"href":"http:\/\/www.lessvtdelagrenouille.fr\/blog\/wp-json\/wp\/v2\/tags?post=8879"}],"curies":[{"name":"wp","href":"https:\/\/api.w.org\/{rel}","templated":true}]}}