{"id":8960,"date":"2026-01-13T21:32:06","date_gmt":"2026-01-13T20:32:06","guid":{"rendered":"https:\/\/www.lessvtdelagrenouille.fr\/blog\/?p=8960"},"modified":"2026-01-13T21:32:07","modified_gmt":"2026-01-13T20:32:07","slug":"defi-piaf-de-ma-rue-la-main-a-la-pate","status":"publish","type":"post","link":"http:\/\/www.lessvtdelagrenouille.fr\/blog\/defi-piaf-de-ma-rue-la-main-a-la-pate\/","title":{"rendered":"D\u00e9fi piaf de ma rue (La main \u00e0 la p\u00e2te)"},"content":{"rendered":"\n<div class=\"wp-block-columns is-layout-flex wp-container-core-columns-is-layout-9d6595d7 wp-block-columns-is-layout-flex\">\n<div class=\"wp-block-column is-layout-flow wp-block-column-is-layout-flow\">\n<p>Ce projet propose aux \u00e9l\u00e8ves un d\u00e9fi simple en apparence :\u00a0dresser la liste la plus exhaustive possible des esp\u00e8ces d\u2019oiseaux pr\u00e9sentes dans l\u2019environnement proche. R\u00e9soudre ce d\u00e9fi va inciter les \u00e9l\u00e8ves \u00e0 d\u00e9couvrir leur environnement proche, \u00e0 comprendre les caract\u00e9ristiques et les exigences de l&rsquo;observation scientifique, \u00e0 acqu\u00e9rir des notions d&rsquo;\u00e9cologie fondamentale, et \u00e0 mener une action collective\u00a0en faveur de l\u2019environnement.<\/p>\n\n\n\n<p><strong>Projet adapt\u00e9 aux sixi\u00e8mes , CM1,CM2 et pour le cycle2<\/strong><\/p>\n<\/div>\n\n\n\n<div class=\"wp-block-column is-layout-flow wp-block-column-is-layout-flow\"><div class=\"wp-block-image\">\n<figure class=\"aligncenter size-full\"><a href=\"https:\/\/www.lessvtdelagrenouille.fr\/blog\/wp-content\/uploads\/2026\/01\/piaf-de-ma-rue.jpg\"><img loading=\"lazy\" decoding=\"async\" width=\"280\" height=\"180\" src=\"https:\/\/www.lessvtdelagrenouille.fr\/blog\/wp-content\/uploads\/2026\/01\/piaf-de-ma-rue.jpg\" alt=\"\" class=\"wp-image-8961\"\/><\/a><\/figure>\n<\/div><\/div>\n<\/div>\n\n\n\n<div class=\"wp-block-buttons alignwide is-content-justification-center is-layout-flex wp-container-core-buttons-is-layout-16018d1d wp-block-buttons-is-layout-flex\">\n<div class=\"wp-block-button has-custom-width wp-block-button__width-50 is-style-outline is-style-outline--1\"><a class=\"wp-block-button__link has-x-large-font-size has-text-align-center has-custom-font-size wp-element-button\" href=\"https:\/\/fondation-lamap.org\/projet-thematique\/piafs-de-ma-rue\" style=\"border-radius:24px\">Rejoignez l&rsquo;aventure Piafs de ma rue !\u00a0<\/a><\/div>\n<\/div>\n\n\n\n<p><\/p>\n","protected":false},"excerpt":{"rendered":"<p>Ce projet propose aux \u00e9l\u00e8ves un d\u00e9fi simple en apparence :\u00a0dresser la liste la plus exhaustive possible des esp\u00e8ces d\u2019oiseaux pr\u00e9sentes dans l\u2019environnement proche. R\u00e9soudre ce d\u00e9fi va inciter les \u00e9l\u00e8ves \u00e0 d\u00e9couvrir leur environnement proche, \u00e0 comprendre les caract\u00e9ristiques et les exigences de l&rsquo;observation scientifique, \u00e0 acqu\u00e9rir des notions d&rsquo;\u00e9cologie fondamentale, et \u00e0 mener &#8230; <a title=\"D\u00e9fi piaf de ma rue (La main \u00e0 la p\u00e2te)\" class=\"read-more\" href=\"http:\/\/www.lessvtdelagrenouille.fr\/blog\/defi-piaf-de-ma-rue-la-main-a-la-pate\/\" aria-label=\"En savoir plus sur D\u00e9fi piaf de ma rue (La main \u00e0 la p\u00e2te)\">Lire la suite&#8230;<\/a><\/p>\n","protected":false},"author":1,"featured_media":8961,"comment_status":"open","ping_status":"open","sticky":false,"template":"","format":"standard","meta":{"footnotes":""},"categories":[193,357,386,220,225,345,344,325,346],"tags":[],"class_list":["post-8960","post","type-post","status-publish","format-standard","has-post-thumbnail","hentry","category-6eme","category-a2d2","category-decouverte-sciences-participatives","category-e3d","category-e3ddansdiscipline","category-news","category-primaire","category-projet","category-territoire"],"featured_image_urls_v2":{"full":["http:\/\/www.lessvtdelagrenouille.fr\/blog\/wp-content\/uploads\/2026\/01\/piaf-de-ma-rue.jpg",280,180,false],"thumbnail":["http:\/\/www.lessvtdelagrenouille.fr\/blog\/wp-content\/uploads\/2026\/01\/piaf-de-ma-rue-150x150.jpg",150,150,true],"medium":["http:\/\/www.lessvtdelagrenouille.fr\/blog\/wp-content\/uploads\/2026\/01\/piaf-de-ma-rue.jpg",280,180,false],"medium_large":["http:\/\/www.lessvtdelagrenouille.fr\/blog\/wp-content\/uploads\/2026\/01\/piaf-de-ma-rue.jpg",280,180,false],"large":["http:\/\/www.lessvtdelagrenouille.fr\/blog\/wp-content\/uploads\/2026\/01\/piaf-de-ma-rue.jpg",280,180,false],"1536x1536":["http:\/\/www.lessvtdelagrenouille.fr\/blog\/wp-content\/uploads\/2026\/01\/piaf-de-ma-rue.jpg",280,180,false],"2048x2048":["http:\/\/www.lessvtdelagrenouille.fr\/blog\/wp-content\/uploads\/2026\/01\/piaf-de-ma-rue.jpg",280,180,false]},"post_excerpt_stackable_v2":"<p>Ce projet propose aux \u00e9l\u00e8ves un d\u00e9fi simple en apparence :\u00a0dresser la liste la plus exhaustive possible des esp\u00e8ces d\u2019oiseaux pr\u00e9sentes dans l\u2019environnement proche. R\u00e9soudre ce d\u00e9fi va inciter les \u00e9l\u00e8ves \u00e0 d\u00e9couvrir leur environnement proche, \u00e0 comprendre les caract\u00e9ristiques et les exigences de l&rsquo;observation scientifique, \u00e0 acqu\u00e9rir des notions d&rsquo;\u00e9cologie fondamentale, et \u00e0 mener une action collective\u00a0en faveur de l\u2019environnement. Projet adapt\u00e9 aux sixi\u00e8mes , CM1,CM2 et pour le cycle2 Rejoignez l&rsquo;aventure Piafs de ma rue !\u00a0<\/p>\n","category_list_v2":"<a href=\"http:\/\/www.lessvtdelagrenouille.fr\/blog\/category\/6eme\/\" rel=\"category tag\">6eme<\/a>, <a href=\"http:\/\/www.lessvtdelagrenouille.fr\/blog\/category\/a2d2\/\" rel=\"category tag\">A2D2<\/a>, <a href=\"http:\/\/www.lessvtdelagrenouille.fr\/blog\/category\/decouverte-sciences-participatives\/\" rel=\"category tag\">d\u00e9couverte sciences participatives<\/a>, <a href=\"http:\/\/www.lessvtdelagrenouille.fr\/blog\/category\/e3d\/\" rel=\"category tag\">E3D<\/a>, <a href=\"http:\/\/www.lessvtdelagrenouille.fr\/blog\/category\/e3ddansdiscipline\/\" rel=\"category tag\">e3ddansdiscipline<\/a>, <a href=\"http:\/\/www.lessvtdelagrenouille.fr\/blog\/category\/news\/\" rel=\"category tag\">news<\/a>, <a href=\"http:\/\/www.lessvtdelagrenouille.fr\/blog\/category\/primaire\/\" rel=\"category tag\">primaire<\/a>, <a href=\"http:\/\/www.lessvtdelagrenouille.fr\/blog\/category\/projet\/\" rel=\"category tag\">Projet<\/a>, <a href=\"http:\/\/www.lessvtdelagrenouille.fr\/blog\/category\/territoire\/\" rel=\"category tag\">territoire<\/a>","author_info_v2":{"name":"RolandC","url":"http:\/\/www.lessvtdelagrenouille.fr\/blog\/author\/rollandc\/"},"comments_num_v2":"0 commentaire","_links":{"self":[{"href":"http:\/\/www.lessvtdelagrenouille.fr\/blog\/wp-json\/wp\/v2\/posts\/8960","targetHints":{"allow":["GET"]}}],"collection":[{"href":"http:\/\/www.lessvtdelagrenouille.fr\/blog\/wp-json\/wp\/v2\/posts"}],"about":[{"href":"http:\/\/www.lessvtdelagrenouille.fr\/blog\/wp-json\/wp\/v2\/types\/post"}],"author":[{"embeddable":true,"href":"http:\/\/www.lessvtdelagrenouille.fr\/blog\/wp-json\/wp\/v2\/users\/1"}],"replies":[{"embeddable":true,"href":"http:\/\/www.lessvtdelagrenouille.fr\/blog\/wp-json\/wp\/v2\/comments?post=8960"}],"version-history":[{"count":1,"href":"http:\/\/www.lessvtdelagrenouille.fr\/blog\/wp-json\/wp\/v2\/posts\/8960\/revisions"}],"predecessor-version":[{"id":8962,"href":"http:\/\/www.lessvtdelagrenouille.fr\/blog\/wp-json\/wp\/v2\/posts\/8960\/revisions\/8962"}],"wp:featuredmedia":[{"embeddable":true,"href":"http:\/\/www.lessvtdelagrenouille.fr\/blog\/wp-json\/wp\/v2\/media\/8961"}],"wp:attachment":[{"href":"http:\/\/www.lessvtdelagrenouille.fr\/blog\/wp-json\/wp\/v2\/media?parent=8960"}],"wp:term":[{"taxonomy":"category","embeddable":true,"href":"http:\/\/www.lessvtdelagrenouille.fr\/blog\/wp-json\/wp\/v2\/categories?post=8960"},{"taxonomy":"post_tag","embeddable":true,"href":"http:\/\/www.lessvtdelagrenouille.fr\/blog\/wp-json\/wp\/v2\/tags?post=8960"}],"curies":[{"name":"wp","href":"https:\/\/api.w.org\/{rel}","templated":true}]}}