{"id":8974,"date":"2026-01-22T09:46:31","date_gmt":"2026-01-22T08:46:31","guid":{"rendered":"https:\/\/www.lessvtdelagrenouille.fr\/blog\/?p=8974"},"modified":"2026-01-22T09:46:31","modified_gmt":"2026-01-22T08:46:31","slug":"decouverte-dune-zone-convergence","status":"publish","type":"post","link":"http:\/\/www.lessvtdelagrenouille.fr\/blog\/decouverte-dune-zone-convergence\/","title":{"rendered":"D\u00e9couverte d&rsquo;une zone convergence"},"content":{"rendered":"\n<div class=\"wp-block-columns is-layout-flex wp-container-core-columns-is-layout-9d6595d7 wp-block-columns-is-layout-flex\">\n<div class=\"wp-block-column is-layout-flow wp-block-column-is-layout-flow\" style=\"flex-basis:66.66%\">\n<figure class=\"wp-block-table\"><table class=\"has-fixed-layout\"><tbody><tr><td><strong>D\u00e9couverte d\u2019une zoner de convergence&nbsp;: la limite plaque pacifique\/ plaque Am\u00e9rique du sud<\/strong><\/td><\/tr><tr><td><br><strong>Objectif\u00a0:<\/strong> Utiliser le site <a href=\"https:\/\/www.pedagogie.ac-nice.fr\/svt\/productions\/tectoglob3d\/\">tectoglob3D<\/a> pour r\u00e9aliser une coupe de la zone \u00e9tudi\u00e9e. <br><strong>Protocole\u00a0: <\/strong><br>&#8211; Ouvrir le site tectoglob3D <br>&#8211; Centrer sur la zone \u00e0 \u00e9tudier <br>&#8211; Afficher s\u00e9ismes et volcans ( Donn\u00e9es affich\u00e9es\/ volcans et foyers sismiques)<br> &#8211; R\u00e9aliser une coupe de la zone \u00e9tudi\u00e9e ( action\/ tracer une coupe)<\/td><\/tr><\/tbody><\/table><\/figure>\n<\/div>\n\n\n\n<div class=\"wp-block-column is-layout-flow wp-block-column-is-layout-flow\" style=\"flex-basis:33.33%\">\n<figure class=\"wp-block-image size-full\"><a href=\"https:\/\/www.pedagogie.ac-nice.fr\/svt\/productions\/tectoglob3d\/\"><img loading=\"lazy\" decoding=\"async\" width=\"860\" height=\"562\" src=\"http:\/\/www.lessvtdelagrenouille.fr\/blog\/wp-content\/uploads\/2021\/02\/tectoglob-3D.jpg\" alt=\"\" class=\"wp-image-6527\" srcset=\"http:\/\/www.lessvtdelagrenouille.fr\/blog\/wp-content\/uploads\/2021\/02\/tectoglob-3D.jpg 860w, http:\/\/www.lessvtdelagrenouille.fr\/blog\/wp-content\/uploads\/2021\/02\/tectoglob-3D-300x196.jpg 300w, http:\/\/www.lessvtdelagrenouille.fr\/blog\/wp-content\/uploads\/2021\/02\/tectoglob-3D-768x502.jpg 768w\" sizes=\"auto, (max-width: 860px) 100vw, 860px\" \/><\/a><\/figure>\n<\/div>\n<\/div>\n\n\n\n<p>Pour imprimer r\u00e9aliser une impression d\u2019\u00e9cran et coller sur libre office avant de lancer l\u2019impression &#8211; Annoter la coupe coll\u00e9e dans le cahier avec\u00a0: Plaque pacifique\/ plaque Am\u00e9rique du sud\/ foyers sismiques\/ volcan \/ relief<\/p>\n","protected":false},"excerpt":{"rendered":"<p>D\u00e9couverte d\u2019une zoner de convergence&nbsp;: la limite plaque pacifique\/ plaque Am\u00e9rique du sud Objectif\u00a0: Utiliser le site tectoglob3D pour r\u00e9aliser une coupe de la zone \u00e9tudi\u00e9e. Protocole\u00a0: &#8211; Ouvrir le site tectoglob3D &#8211; Centrer sur la zone \u00e0 \u00e9tudier &#8211; Afficher s\u00e9ismes et volcans ( Donn\u00e9es affich\u00e9es\/ volcans et foyers sismiques) &#8211; R\u00e9aliser une coupe &#8230; <a title=\"D\u00e9couverte d&rsquo;une zone convergence\" class=\"read-more\" href=\"http:\/\/www.lessvtdelagrenouille.fr\/blog\/decouverte-dune-zone-convergence\/\" aria-label=\"En savoir plus sur D\u00e9couverte d&rsquo;une zone convergence\">Lire la suite&#8230;<\/a><\/p>\n","protected":false},"author":1,"featured_media":6527,"comment_status":"open","ping_status":"open","sticky":false,"template":"","format":"standard","meta":{"footnotes":""},"categories":[195,345],"tags":[68],"class_list":["post-8974","post","type-post","status-publish","format-standard","has-post-thumbnail","hentry","category-4eme","category-news","tag-68"],"featured_image_urls_v2":{"full":["http:\/\/www.lessvtdelagrenouille.fr\/blog\/wp-content\/uploads\/2021\/02\/tectoglob-3D.jpg",860,562,false],"thumbnail":["http:\/\/www.lessvtdelagrenouille.fr\/blog\/wp-content\/uploads\/2021\/02\/tectoglob-3D-150x150.jpg",150,150,true],"medium":["http:\/\/www.lessvtdelagrenouille.fr\/blog\/wp-content\/uploads\/2021\/02\/tectoglob-3D-300x196.jpg",300,196,true],"medium_large":["http:\/\/www.lessvtdelagrenouille.fr\/blog\/wp-content\/uploads\/2021\/02\/tectoglob-3D-768x502.jpg",768,502,true],"large":["http:\/\/www.lessvtdelagrenouille.fr\/blog\/wp-content\/uploads\/2021\/02\/tectoglob-3D.jpg",860,562,false],"1536x1536":["http:\/\/www.lessvtdelagrenouille.fr\/blog\/wp-content\/uploads\/2021\/02\/tectoglob-3D.jpg",860,562,false],"2048x2048":["http:\/\/www.lessvtdelagrenouille.fr\/blog\/wp-content\/uploads\/2021\/02\/tectoglob-3D.jpg",860,562,false]},"post_excerpt_stackable_v2":"<p>D\u00e9couverte d\u2019une zoner de convergence&nbsp;: la limite plaque pacifique\/ plaque Am\u00e9rique du sudObjectif\u00a0: Utiliser le site tectoglob3D pour r\u00e9aliser une coupe de la zone \u00e9tudi\u00e9e. Protocole\u00a0: &#8211; Ouvrir le site tectoglob3D &#8211; Centrer sur la zone \u00e0 \u00e9tudier &#8211; Afficher s\u00e9ismes et volcans ( Donn\u00e9es affich\u00e9es\/ volcans et foyers sismiques) &#8211; R\u00e9aliser une coupe de la zone \u00e9tudi\u00e9e ( action\/ tracer une coupe) Pour imprimer r\u00e9aliser une impression d\u2019\u00e9cran et coller sur libre office avant de lancer l\u2019impression &#8211; Annoter la coupe coll\u00e9e dans le cahier avec\u00a0: Plaque pacifique\/ plaque Am\u00e9rique du sud\/ foyers sismiques\/ volcan \/ relief<\/p>\n","category_list_v2":"<a href=\"http:\/\/www.lessvtdelagrenouille.fr\/blog\/category\/4eme\/\" rel=\"category tag\">4eme<\/a>, <a href=\"http:\/\/www.lessvtdelagrenouille.fr\/blog\/category\/news\/\" rel=\"category tag\">news<\/a>","author_info_v2":{"name":"RolandC","url":"http:\/\/www.lessvtdelagrenouille.fr\/blog\/author\/rollandc\/"},"comments_num_v2":"0 commentaire","_links":{"self":[{"href":"http:\/\/www.lessvtdelagrenouille.fr\/blog\/wp-json\/wp\/v2\/posts\/8974","targetHints":{"allow":["GET"]}}],"collection":[{"href":"http:\/\/www.lessvtdelagrenouille.fr\/blog\/wp-json\/wp\/v2\/posts"}],"about":[{"href":"http:\/\/www.lessvtdelagrenouille.fr\/blog\/wp-json\/wp\/v2\/types\/post"}],"author":[{"embeddable":true,"href":"http:\/\/www.lessvtdelagrenouille.fr\/blog\/wp-json\/wp\/v2\/users\/1"}],"replies":[{"embeddable":true,"href":"http:\/\/www.lessvtdelagrenouille.fr\/blog\/wp-json\/wp\/v2\/comments?post=8974"}],"version-history":[{"count":1,"href":"http:\/\/www.lessvtdelagrenouille.fr\/blog\/wp-json\/wp\/v2\/posts\/8974\/revisions"}],"predecessor-version":[{"id":8975,"href":"http:\/\/www.lessvtdelagrenouille.fr\/blog\/wp-json\/wp\/v2\/posts\/8974\/revisions\/8975"}],"wp:featuredmedia":[{"embeddable":true,"href":"http:\/\/www.lessvtdelagrenouille.fr\/blog\/wp-json\/wp\/v2\/media\/6527"}],"wp:attachment":[{"href":"http:\/\/www.lessvtdelagrenouille.fr\/blog\/wp-json\/wp\/v2\/media?parent=8974"}],"wp:term":[{"taxonomy":"category","embeddable":true,"href":"http:\/\/www.lessvtdelagrenouille.fr\/blog\/wp-json\/wp\/v2\/categories?post=8974"},{"taxonomy":"post_tag","embeddable":true,"href":"http:\/\/www.lessvtdelagrenouille.fr\/blog\/wp-json\/wp\/v2\/tags?post=8974"}],"curies":[{"name":"wp","href":"https:\/\/api.w.org\/{rel}","templated":true}]}}