{"id":8979,"date":"2026-01-22T10:46:00","date_gmt":"2026-01-22T09:46:00","guid":{"rendered":"https:\/\/www.lessvtdelagrenouille.fr\/blog\/?p=8979"},"modified":"2026-01-22T11:23:28","modified_gmt":"2026-01-22T10:23:28","slug":"uterus-artificiel-quand-la-machine-remplace-la-mere-type-dnb","status":"publish","type":"post","link":"http:\/\/www.lessvtdelagrenouille.fr\/blog\/uterus-artificiel-quand-la-machine-remplace-la-mere-type-dnb\/","title":{"rendered":"Ut\u00e9rus artificiel quand la machine remplace la m\u00e8re (type DNB)"},"content":{"rendered":"\n<p><strong><em>Document 1: Des recherches prom\u00e9teuses<\/em><\/strong><\/p>\n\n\n\n<p>Des chercheurs ont mis au point un syst\u00e8me de poche des eaux et de placenta artificiel, visant \u00e0 prendre en charge les grands pr\u00e9matur\u00e9s de mani\u00e8re plus physiologique que les proc\u00e9dures actuelles. Le prototype des chercheurs am\u00e9ricains se compose de 3 \u00e9l\u00e9ments. Un oxyg\u00e9nateur \u00e0 faible r\u00e9sistance et un circuit sans pompe permettent au c\u0153ur du f\u0153tus de g\u00e9rer seul le flux sanguin pour \u00abmimer le mieux possible la circulation sanguine normale du f\u0153tus \u00bb. Un port sp\u00e9cifique permet de \u00abbrancher\u00bb la machine sur le cordon ombilical. Et un sac en poly\u00e9thyl\u00e8ne (plastique) rempli d\u2019un liquide faisant office de liquide amniotique offre au f\u0153tus un environnement st\u00e9rile et proche des conditions in utero. <em>Source: figaro sciences<\/em>\/ m\u00e9decine.<\/p>\n\n\n\n<ol class=\"wp-block-list\">\n<li><strong>D\u00e9terminer le nom des 2 organes que la machine cherche \u00e0 remplacer<\/strong>.<\/li>\n<\/ol>\n\n\n\n<div class=\"wp-block-columns is-layout-flex wp-container-core-columns-is-layout-9d6595d7 wp-block-columns-is-layout-flex\">\n<div class=\"wp-block-column is-layout-flow wp-block-column-is-layout-flow\">\n<figure class=\"wp-block-image size-full\"><a href=\"https:\/\/www.lessvtdelagrenouille.fr\/blog\/wp-content\/uploads\/2026\/01\/tabplac.png\"><img loading=\"lazy\" decoding=\"async\" width=\"905\" height=\"252\" src=\"https:\/\/www.lessvtdelagrenouille.fr\/blog\/wp-content\/uploads\/2026\/01\/tabplac.png\" alt=\"\" class=\"wp-image-8982\" srcset=\"http:\/\/www.lessvtdelagrenouille.fr\/blog\/wp-content\/uploads\/2026\/01\/tabplac.png 905w, http:\/\/www.lessvtdelagrenouille.fr\/blog\/wp-content\/uploads\/2026\/01\/tabplac-300x84.png 300w, http:\/\/www.lessvtdelagrenouille.fr\/blog\/wp-content\/uploads\/2026\/01\/tabplac-768x214.png 768w\" sizes=\"auto, (max-width: 905px) 100vw, 905px\" \/><\/a><\/figure>\n\n\n\n<p><strong><em>Document 2 : les \u00e9changes au niveau du placenta. <\/em><\/strong><\/p>\n<\/div>\n\n\n\n<div class=\"wp-block-column is-layout-flow wp-block-column-is-layout-flow\">\n<figure class=\"wp-block-image size-full\"><a href=\"https:\/\/www.lessvtdelagrenouille.fr\/blog\/wp-content\/uploads\/2026\/01\/uterarti.png\"><img loading=\"lazy\" decoding=\"async\" width=\"1024\" height=\"717\" src=\"https:\/\/www.lessvtdelagrenouille.fr\/blog\/wp-content\/uploads\/2026\/01\/uterarti.png\" alt=\"\" class=\"wp-image-8980\" srcset=\"http:\/\/www.lessvtdelagrenouille.fr\/blog\/wp-content\/uploads\/2026\/01\/uterarti.png 1024w, http:\/\/www.lessvtdelagrenouille.fr\/blog\/wp-content\/uploads\/2026\/01\/uterarti-300x210.png 300w, http:\/\/www.lessvtdelagrenouille.fr\/blog\/wp-content\/uploads\/2026\/01\/uterarti-768x538.png 768w\" sizes=\"auto, (max-width: 1024px) 100vw, 1024px\" \/><\/a><\/figure>\n\n\n\n<p><strong><em>Document 3: Fonctionnement du dispositif d&rsquo;ut\u00e9rus artificiel. Source: Universit\u00e9 Paris cit\u00e9<\/em><\/strong><\/p>\n<\/div>\n<\/div>\n\n\n\n<p><strong>2. A l&rsquo;aide du document 2 , montrer que des \u00e9changes sont r\u00e9alis\u00e9s entre la m\u00e8re et le f\u0153tus au niveau du placenta. Une r\u00e9ponse argument\u00e9 avec des valeurs est attendue.<\/strong><\/p>\n\n\n\n<p><strong>3. En vous basant sur l&rsquo;ensemble des documents, expliquer en quoi la machine permet de se substituer (de remplacer) les organes intervenants lors de la grossesse.<\/strong><\/p>\n\n\n\n<p>4.<strong> La grossesse en \u00ab\u00a0usine \u00a0\u00bb est souvent mentionn\u00e9e dans les \u0153uvres litt\u00e9raires et cin\u00e9matographiques de sciences fiction. Que pensez-vous de l&rsquo;utilisation d&rsquo;ut\u00e9rus artificiels pour donner naissance aux humain ( je rappel que cette exp\u00e9rimentation est interdite chez l&rsquo;humain)<\/strong><\/p>\n","protected":false},"excerpt":{"rendered":"<p>Document 1: Des recherches prom\u00e9teuses Des chercheurs ont mis au point un syst\u00e8me de poche des eaux et de placenta artificiel, visant \u00e0 prendre en charge les grands pr\u00e9matur\u00e9s de mani\u00e8re plus physiologique que les proc\u00e9dures actuelles. Le prototype des chercheurs am\u00e9ricains se compose de 3 \u00e9l\u00e9ments. Un oxyg\u00e9nateur \u00e0 faible r\u00e9sistance et un circuit &#8230; <a title=\"Ut\u00e9rus artificiel quand la machine remplace la m\u00e8re (type DNB)\" class=\"read-more\" href=\"http:\/\/www.lessvtdelagrenouille.fr\/blog\/uterus-artificiel-quand-la-machine-remplace-la-mere-type-dnb\/\" aria-label=\"En savoir plus sur Ut\u00e9rus artificiel quand la machine remplace la m\u00e8re (type DNB)\">Lire la suite&#8230;<\/a><\/p>\n","protected":false},"author":1,"featured_media":8990,"comment_status":"open","ping_status":"open","sticky":false,"template":"","format":"standard","meta":{"footnotes":""},"categories":[196,195,159,172,345,173],"tags":[],"class_list":["post-8979","post","type-post","status-publish","format-standard","has-post-thumbnail","hentry","category-3eme","category-4eme","category-cycle-4","category-le-corps-humain-et-la-sante","category-news","category-processus-biologiques-et-organisme-humain"],"featured_image_urls_v2":{"full":["http:\/\/www.lessvtdelagrenouille.fr\/blog\/wp-content\/uploads\/2026\/01\/uterus-artificiel.jpg",387,590,false],"thumbnail":["http:\/\/www.lessvtdelagrenouille.fr\/blog\/wp-content\/uploads\/2026\/01\/uterus-artificiel-150x150.jpg",150,150,true],"medium":["http:\/\/www.lessvtdelagrenouille.fr\/blog\/wp-content\/uploads\/2026\/01\/uterus-artificiel-197x300.jpg",197,300,true],"medium_large":["http:\/\/www.lessvtdelagrenouille.fr\/blog\/wp-content\/uploads\/2026\/01\/uterus-artificiel.jpg",387,590,false],"large":["http:\/\/www.lessvtdelagrenouille.fr\/blog\/wp-content\/uploads\/2026\/01\/uterus-artificiel.jpg",387,590,false],"1536x1536":["http:\/\/www.lessvtdelagrenouille.fr\/blog\/wp-content\/uploads\/2026\/01\/uterus-artificiel.jpg",387,590,false],"2048x2048":["http:\/\/www.lessvtdelagrenouille.fr\/blog\/wp-content\/uploads\/2026\/01\/uterus-artificiel.jpg",387,590,false]},"post_excerpt_stackable_v2":"<p>Document 1: Des recherches prom\u00e9teuses Des chercheurs ont mis au point un syst\u00e8me de poche des eaux et de placenta artificiel, visant \u00e0 prendre en charge les grands pr\u00e9matur\u00e9s de mani\u00e8re plus physiologique que les proc\u00e9dures actuelles. Le prototype des chercheurs am\u00e9ricains se compose de 3 \u00e9l\u00e9ments. Un oxyg\u00e9nateur \u00e0 faible r\u00e9sistance et un circuit sans pompe permettent au c\u0153ur du f\u0153tus de g\u00e9rer seul le flux sanguin pour \u00abmimer le mieux possible la circulation sanguine normale du f\u0153tus \u00bb. Un port sp\u00e9cifique permet de \u00abbrancher\u00bb la machine sur le cordon ombilical. Et un sac en poly\u00e9thyl\u00e8ne (plastique) rempli d\u2019un\u2026<\/p>\n","category_list_v2":"<a href=\"http:\/\/www.lessvtdelagrenouille.fr\/blog\/category\/3eme\/\" rel=\"category tag\">3eme<\/a>, <a href=\"http:\/\/www.lessvtdelagrenouille.fr\/blog\/category\/4eme\/\" rel=\"category tag\">4eme<\/a>, <a href=\"http:\/\/www.lessvtdelagrenouille.fr\/blog\/category\/cycle-4\/\" rel=\"category tag\">Cycle 4<\/a>, <a href=\"http:\/\/www.lessvtdelagrenouille.fr\/blog\/category\/cycle-4\/le-corps-humain-et-la-sante\/\" rel=\"category tag\">Le corps humain et la sant\u00e9<\/a>, <a href=\"http:\/\/www.lessvtdelagrenouille.fr\/blog\/category\/news\/\" rel=\"category tag\">news<\/a>, <a href=\"http:\/\/www.lessvtdelagrenouille.fr\/blog\/category\/cycle-4\/le-corps-humain-et-la-sante\/processus-biologiques-et-organisme-humain\/\" rel=\"category tag\">Processus biologiques et organisme humain<\/a>","author_info_v2":{"name":"RolandC","url":"http:\/\/www.lessvtdelagrenouille.fr\/blog\/author\/rollandc\/"},"comments_num_v2":"0 commentaire","_links":{"self":[{"href":"http:\/\/www.lessvtdelagrenouille.fr\/blog\/wp-json\/wp\/v2\/posts\/8979","targetHints":{"allow":["GET"]}}],"collection":[{"href":"http:\/\/www.lessvtdelagrenouille.fr\/blog\/wp-json\/wp\/v2\/posts"}],"about":[{"href":"http:\/\/www.lessvtdelagrenouille.fr\/blog\/wp-json\/wp\/v2\/types\/post"}],"author":[{"embeddable":true,"href":"http:\/\/www.lessvtdelagrenouille.fr\/blog\/wp-json\/wp\/v2\/users\/1"}],"replies":[{"embeddable":true,"href":"http:\/\/www.lessvtdelagrenouille.fr\/blog\/wp-json\/wp\/v2\/comments?post=8979"}],"version-history":[{"count":1,"href":"http:\/\/www.lessvtdelagrenouille.fr\/blog\/wp-json\/wp\/v2\/posts\/8979\/revisions"}],"predecessor-version":[{"id":8983,"href":"http:\/\/www.lessvtdelagrenouille.fr\/blog\/wp-json\/wp\/v2\/posts\/8979\/revisions\/8983"}],"wp:featuredmedia":[{"embeddable":true,"href":"http:\/\/www.lessvtdelagrenouille.fr\/blog\/wp-json\/wp\/v2\/media\/8990"}],"wp:attachment":[{"href":"http:\/\/www.lessvtdelagrenouille.fr\/blog\/wp-json\/wp\/v2\/media?parent=8979"}],"wp:term":[{"taxonomy":"category","embeddable":true,"href":"http:\/\/www.lessvtdelagrenouille.fr\/blog\/wp-json\/wp\/v2\/categories?post=8979"},{"taxonomy":"post_tag","embeddable":true,"href":"http:\/\/www.lessvtdelagrenouille.fr\/blog\/wp-json\/wp\/v2\/tags?post=8979"}],"curies":[{"name":"wp","href":"https:\/\/api.w.org\/{rel}","templated":true}]}}